{"id":167394,"date":"2025-08-01T11:45:34","date_gmt":"2025-08-01T08:45:34","guid":{"rendered":"https:\/\/jetlak.app\/?p=167394"},"modified":"2025-08-01T11:45:34","modified_gmt":"2025-08-01T08:45:34","slug":"turkiyenin-e-ticaret-hacmi-ilk-yarida-2-trilyon-tlyi-asti-yil-sonu-hedefi-5-trilyon-tl","status":"publish","type":"post","link":"https:\/\/jetlak.app\/?p=167394","title":{"rendered":"T\u00fcrkiye\u2019nin E-Ticaret hacmi ilk yar\u0131da 2 trilyon TL\u2019yi a\u015ft\u0131, y\u0131l sonu hedefi 5 trilyon TL"},"content":{"rendered":"<p>T\u00fcrkiye\u2019nin e-ticaret sekt\u00f6r\u00fc 2025\u2019in ilk yar\u0131s\u0131nda g\u00fc\u00e7l\u00fc bir b\u00fcy\u00fcme kaydetti. Elektronik Ticaret \u0130\u015fletmecileri Derne\u011fi (ET\u0130D) Ba\u015fkan\u0131 Hakan \u00c7eviko\u011flu, y\u0131l sonunda e-ticaret hacminin 5 trilyon TL\u2019ye ula\u015fmas\u0131n\u0131n beklendi\u011fini a\u00e7\u0131klad\u0131.<\/p>","protected":false},"excerpt":{"rendered":"<p>T\u00fcrkiye\u2019nin e-ticaret sekt\u00f6r\u00fc 2025\u2019in ilk yar\u0131s\u0131nda g\u00fc\u00e7l\u00fc bir b\u00fcy\u00fcme kaydetti. Elektronik Ticaret \u0130\u015fletmecileri Derne\u011fi (ET\u0130D) Ba\u015fkan\u0131 Hakan \u00c7eviko\u011flu, y\u0131l sonunda e-ticaret hacminin 5 trilyon TL\u2019ye ula\u015fmas\u0131n\u0131n beklendi\u011fini a\u00e7\u0131klad\u0131.<\/p>\n","protected":false},"author":1,"featured_media":0,"comment_status":"open","ping_status":"open","sticky":false,"template":"","format":"standard","meta":{"jnews-multi-image_gallery":[],"jnews_single_post":[],"jnews_primary_category":[],"jnews_social_meta":[],"jnews_review":[],"enable_review":"","type":"","name":"","summary":"","brand":"","sku":"","good":[],"bad":[],"score_override":"","override_value":"","rating":[],"price":[],"jnews_override_counter":[],"jnews_post_split":[],"footnotes":""},"categories":[106],"tags":[],"class_list":["post-167394","post","type-post","status-publish","format-standard","hentry","category-cnn-2"],"amp_enabled":true,"_links":{"self":[{"href":"https:\/\/jetlak.app\/index.php?rest_route=\/wp\/v2\/posts\/167394","targetHints":{"allow":["GET"]}}],"collection":[{"href":"https:\/\/jetlak.app\/index.php?rest_route=\/wp\/v2\/posts"}],"about":[{"href":"https:\/\/jetlak.app\/index.php?rest_route=\/wp\/v2\/types\/post"}],"author":[{"embeddable":true,"href":"https:\/\/jetlak.app\/index.php?rest_route=\/wp\/v2\/users\/1"}],"replies":[{"embeddable":true,"href":"https:\/\/jetlak.app\/index.php?rest_route=%2Fwp%2Fv2%2Fcomments&post=167394"}],"version-history":[{"count":0,"href":"https:\/\/jetlak.app\/index.php?rest_route=\/wp\/v2\/posts\/167394\/revisions"}],"wp:attachment":[{"href":"https:\/\/jetlak.app\/index.php?rest_route=%2Fwp%2Fv2%2Fmedia&parent=167394"}],"wp:term":[{"taxonomy":"category","embeddable":true,"href":"https:\/\/jetlak.app\/index.php?rest_route=%2Fwp%2Fv2%2Fcategories&post=167394"},{"taxonomy":"post_tag","embeddable":true,"href":"https:\/\/jetlak.app\/index.php?rest_route=%2Fwp%2Fv2%2Ftags&post=167394"}],"curies":[{"name":"wp","href":"https:\/\/api.w.org\/{rel}","templated":true}]}}