{"id":167771,"date":"2025-08-01T12:50:40","date_gmt":"2025-08-01T09:50:40","guid":{"rendered":"https:\/\/jetlak.app\/?p=167771"},"modified":"2025-08-01T12:50:40","modified_gmt":"2025-08-01T09:50:40","slug":"gumushaneli-mete-ve-gorkeme-bakan-kurumdan-cevre-mufettisi-unvani","status":"publish","type":"post","link":"https:\/\/jetlak.app\/?p=167771","title":{"rendered":"G\u00fcm\u00fc\u015fhaneli Mete ve G\u00f6rkem&#8217;e Bakan Kurum\u2019dan &#8220;\u00c7evre M\u00fcfetti\u015fi&#8221; unvan\u0131"},"content":{"rendered":"<p>G\u00fcm\u00fc\u015fhane\u2019nin Ta\u015fk\u00f6pr\u00fc Yaylas\u0131\u2019nda \u00e7\u00f6plere tepki g\u00f6stererek sanal medyada g\u00fcndem olan Mete ve G\u00f6rkem Ko\u00e7 karde\u015fler, \u00c7evre, \u015eehircilik ve \u0130klim De\u011fi\u015fikli\u011fi Bakan\u0131 Murat Kurum taraf\u0131ndan &#8220;\u00e7evre m\u00fcfetti\u015fi&#8221; ilan edildi.<\/p>","protected":false},"excerpt":{"rendered":"<p>G\u00fcm\u00fc\u015fhane\u2019nin Ta\u015fk\u00f6pr\u00fc Yaylas\u0131\u2019nda \u00e7\u00f6plere tepki g\u00f6stererek sanal medyada g\u00fcndem olan Mete ve G\u00f6rkem Ko\u00e7 karde\u015fler, \u00c7evre, \u015eehircilik ve \u0130klim De\u011fi\u015fikli\u011fi Bakan\u0131 Murat Kurum taraf\u0131ndan &#8220;\u00e7evre m\u00fcfetti\u015fi&#8221; ilan edildi.<\/p>\n","protected":false},"author":1,"featured_media":0,"comment_status":"open","ping_status":"open","sticky":false,"template":"","format":"standard","meta":{"jnews-multi-image_gallery":[],"jnews_single_post":[],"jnews_primary_category":[],"jnews_social_meta":[],"jnews_review":[],"enable_review":"","type":"","name":"","summary":"","brand":"","sku":"","good":[],"bad":[],"score_override":"","override_value":"","rating":[],"price":[],"jnews_override_counter":[],"jnews_post_split":[],"footnotes":""},"categories":[106],"tags":[],"class_list":["post-167771","post","type-post","status-publish","format-standard","hentry","category-cnn-2"],"amp_enabled":true,"_links":{"self":[{"href":"https:\/\/jetlak.app\/index.php?rest_route=\/wp\/v2\/posts\/167771","targetHints":{"allow":["GET"]}}],"collection":[{"href":"https:\/\/jetlak.app\/index.php?rest_route=\/wp\/v2\/posts"}],"about":[{"href":"https:\/\/jetlak.app\/index.php?rest_route=\/wp\/v2\/types\/post"}],"author":[{"embeddable":true,"href":"https:\/\/jetlak.app\/index.php?rest_route=\/wp\/v2\/users\/1"}],"replies":[{"embeddable":true,"href":"https:\/\/jetlak.app\/index.php?rest_route=%2Fwp%2Fv2%2Fcomments&post=167771"}],"version-history":[{"count":0,"href":"https:\/\/jetlak.app\/index.php?rest_route=\/wp\/v2\/posts\/167771\/revisions"}],"wp:attachment":[{"href":"https:\/\/jetlak.app\/index.php?rest_route=%2Fwp%2Fv2%2Fmedia&parent=167771"}],"wp:term":[{"taxonomy":"category","embeddable":true,"href":"https:\/\/jetlak.app\/index.php?rest_route=%2Fwp%2Fv2%2Fcategories&post=167771"},{"taxonomy":"post_tag","embeddable":true,"href":"https:\/\/jetlak.app\/index.php?rest_route=%2Fwp%2Fv2%2Ftags&post=167771"}],"curies":[{"name":"wp","href":"https:\/\/api.w.org\/{rel}","templated":true}]}}