{"id":169003,"date":"2025-08-01T16:30:43","date_gmt":"2025-08-01T13:30:43","guid":{"rendered":"https:\/\/jetlak.app\/?p=169003"},"modified":"2025-08-01T16:30:43","modified_gmt":"2025-08-01T13:30:43","slug":"ekmek-fiyatlarina-zam-gelecek-mi-firincilar-federasyonu-duyurdu","status":"publish","type":"post","link":"https:\/\/jetlak.app\/?p=169003","title":{"rendered":"Ekmek fiyatlar\u0131na zam gelecek mi? F\u0131r\u0131nc\u0131lar Federasyonu duyurdu"},"content":{"rendered":"<p>T\u00fcrkiye F\u0131r\u0131nc\u0131lar Federasyonu Ba\u015fkan\u0131 Halil \u0130brahim Balc\u0131, ekmek fiyatlar\u0131yla ilgili \u00f6nemli bir a\u00e7\u0131klama yapt\u0131. Balc\u0131, ekme\u011fin kilogram fiyat\u0131n\u0131n \u00fclke genelinde 75 liran\u0131n \u00fczerine \u00e7\u0131kmayaca\u011f\u0131n\u0131 belirterek, \u201cVatanda\u015flar\u0131m\u0131z\u0131n al\u0131m g\u00fcc\u00fcn\u00fc g\u00f6z \u00f6n\u00fcnde bulundurarak fiyatlar\u0131 makul seviyede tutuyoruz\u201d dedi.<\/p>","protected":false},"excerpt":{"rendered":"<p>T\u00fcrkiye F\u0131r\u0131nc\u0131lar Federasyonu Ba\u015fkan\u0131 Halil \u0130brahim Balc\u0131, ekmek fiyatlar\u0131yla ilgili \u00f6nemli bir a\u00e7\u0131klama yapt\u0131. Balc\u0131, ekme\u011fin kilogram fiyat\u0131n\u0131n \u00fclke genelinde 75 liran\u0131n \u00fczerine \u00e7\u0131kmayaca\u011f\u0131n\u0131 belirterek, \u201cVatanda\u015flar\u0131m\u0131z\u0131n al\u0131m g\u00fcc\u00fcn\u00fc g\u00f6z \u00f6n\u00fcnde bulundurarak fiyatlar\u0131 makul seviyede tutuyoruz\u201d dedi.<\/p>\n","protected":false},"author":1,"featured_media":0,"comment_status":"open","ping_status":"open","sticky":false,"template":"","format":"standard","meta":{"jnews-multi-image_gallery":[],"jnews_single_post":[],"jnews_primary_category":[],"jnews_social_meta":[],"jnews_review":[],"enable_review":"","type":"","name":"","summary":"","brand":"","sku":"","good":[],"bad":[],"score_override":"","override_value":"","rating":[],"price":[],"jnews_override_counter":[],"jnews_post_split":[],"footnotes":""},"categories":[106],"tags":[],"class_list":["post-169003","post","type-post","status-publish","format-standard","hentry","category-cnn-2"],"amp_enabled":true,"_links":{"self":[{"href":"https:\/\/jetlak.app\/index.php?rest_route=\/wp\/v2\/posts\/169003","targetHints":{"allow":["GET"]}}],"collection":[{"href":"https:\/\/jetlak.app\/index.php?rest_route=\/wp\/v2\/posts"}],"about":[{"href":"https:\/\/jetlak.app\/index.php?rest_route=\/wp\/v2\/types\/post"}],"author":[{"embeddable":true,"href":"https:\/\/jetlak.app\/index.php?rest_route=\/wp\/v2\/users\/1"}],"replies":[{"embeddable":true,"href":"https:\/\/jetlak.app\/index.php?rest_route=%2Fwp%2Fv2%2Fcomments&post=169003"}],"version-history":[{"count":0,"href":"https:\/\/jetlak.app\/index.php?rest_route=\/wp\/v2\/posts\/169003\/revisions"}],"wp:attachment":[{"href":"https:\/\/jetlak.app\/index.php?rest_route=%2Fwp%2Fv2%2Fmedia&parent=169003"}],"wp:term":[{"taxonomy":"category","embeddable":true,"href":"https:\/\/jetlak.app\/index.php?rest_route=%2Fwp%2Fv2%2Fcategories&post=169003"},{"taxonomy":"post_tag","embeddable":true,"href":"https:\/\/jetlak.app\/index.php?rest_route=%2Fwp%2Fv2%2Ftags&post=169003"}],"curies":[{"name":"wp","href":"https:\/\/api.w.org\/{rel}","templated":true}]}}