{"id":188004,"date":"2025-08-04T08:35:41","date_gmt":"2025-08-04T05:35:41","guid":{"rendered":"https:\/\/jetlak.app\/?p=188004"},"modified":"2025-08-04T08:35:41","modified_gmt":"2025-08-04T05:35:41","slug":"agustos-ayi-kira-artis-orani-hesaplama-2025-agustos-ayi-kira-zammi-ne-kadar-oldu-gozler-tuik-tefe-tufe-verileri-son-dakika","status":"publish","type":"post","link":"https:\/\/jetlak.app\/?p=188004","title":{"rendered":"A\u011eUSTOS AYI K\u0130RA ARTI\u015e ORANI HESAPLAMA: 2025 A\u011fustos ay\u0131 kira zamm\u0131 ne kadar oldu? G\u00f6zler T\u00dc\u0130K TEFE-T\u00dcFE verileri son dakika!"},"content":{"rendered":"<p>2025 A\u011fustos ay\u0131 kira art\u0131\u015f oran\u0131 i\u00e7in g\u00f6zler T\u00fcrkiye \u0130statistik Kurumu\u2019nun (T\u00dc\u0130K) a\u00e7\u0131klayaca\u011f\u0131 enflasyon verilerine \u00e7evrildi.\u00a0Yeni ayla birlikte milyonlarca kirac\u0131 ve ev sahibi, A\u011fustos 2025 kira art\u0131\u015f oran\u0131n\u0131 merak ediyor. Kira s\u00f6zle\u015fmeleri yenilenirken dikkate al\u0131nan T\u00dcFE\u2019ye (T\u00fcketici Fiyat Endeksi) g\u00f6re 12 ayl\u0131k ortalama enflasyon oran\u0131, T\u00fcrkiye \u0130statistik Kurumu (T\u00dc\u0130K) taraf\u0131ndan her ay d\u00fczenli olarak a\u00e7\u0131klan\u0131yor. Bu veri, ayn\u0131 zamanda o ayki kira zamlar\u0131n\u0131n da yasal s\u0131n\u0131r\u0131n\u0131 belirliyor. T\u00dc\u0130K taraf\u0131ndan a\u00e7\u0131klanacak 12 ayl\u0131k ortalama enflasyon oran\u0131, a\u011fustos ay\u0131 kira art\u0131\u015f tavan\u0131n\u0131 da resmile\u015ftirecek.<\/p>","protected":false},"excerpt":{"rendered":"<p>2025 A\u011fustos ay\u0131 kira art\u0131\u015f oran\u0131 i\u00e7in g\u00f6zler T\u00fcrkiye \u0130statistik Kurumu\u2019nun (T\u00dc\u0130K) a\u00e7\u0131klayaca\u011f\u0131 enflasyon verilerine \u00e7evrildi.\u00a0Yeni ayla birlikte milyonlarca kirac\u0131 ve ev sahibi, A\u011fustos 2025 kira art\u0131\u015f oran\u0131n\u0131 merak ediyor. Kira s\u00f6zle\u015fmeleri yenilenirken dikkate al\u0131nan T\u00dcFE\u2019ye (T\u00fcketici Fiyat Endeksi) g\u00f6re 12 ayl\u0131k ortalama enflasyon oran\u0131, T\u00fcrkiye \u0130statistik Kurumu (T\u00dc\u0130K) taraf\u0131ndan her ay d\u00fczenli olarak a\u00e7\u0131klan\u0131yor. [&hellip;]<\/p>\n","protected":false},"author":1,"featured_media":0,"comment_status":"open","ping_status":"open","sticky":false,"template":"","format":"standard","meta":{"jnews-multi-image_gallery":[],"jnews_single_post":[],"jnews_primary_category":[],"jnews_social_meta":[],"jnews_review":[],"enable_review":"","type":"","name":"","summary":"","brand":"","sku":"","good":[],"bad":[],"score_override":"","override_value":"","rating":[],"price":[],"jnews_override_counter":[],"jnews_post_split":[],"footnotes":""},"categories":[106],"tags":[],"class_list":["post-188004","post","type-post","status-publish","format-standard","hentry","category-cnn-2"],"amp_enabled":true,"_links":{"self":[{"href":"https:\/\/jetlak.app\/index.php?rest_route=\/wp\/v2\/posts\/188004","targetHints":{"allow":["GET"]}}],"collection":[{"href":"https:\/\/jetlak.app\/index.php?rest_route=\/wp\/v2\/posts"}],"about":[{"href":"https:\/\/jetlak.app\/index.php?rest_route=\/wp\/v2\/types\/post"}],"author":[{"embeddable":true,"href":"https:\/\/jetlak.app\/index.php?rest_route=\/wp\/v2\/users\/1"}],"replies":[{"embeddable":true,"href":"https:\/\/jetlak.app\/index.php?rest_route=%2Fwp%2Fv2%2Fcomments&post=188004"}],"version-history":[{"count":0,"href":"https:\/\/jetlak.app\/index.php?rest_route=\/wp\/v2\/posts\/188004\/revisions"}],"wp:attachment":[{"href":"https:\/\/jetlak.app\/index.php?rest_route=%2Fwp%2Fv2%2Fmedia&parent=188004"}],"wp:term":[{"taxonomy":"category","embeddable":true,"href":"https:\/\/jetlak.app\/index.php?rest_route=%2Fwp%2Fv2%2Fcategories&post=188004"},{"taxonomy":"post_tag","embeddable":true,"href":"https:\/\/jetlak.app\/index.php?rest_route=%2Fwp%2Fv2%2Ftags&post=188004"}],"curies":[{"name":"wp","href":"https:\/\/api.w.org\/{rel}","templated":true}]}}