{"id":199038,"date":"2025-08-05T14:08:35","date_gmt":"2025-08-05T11:08:35","guid":{"rendered":"https:\/\/jetlak.app\/?p=199038"},"modified":"2025-08-05T14:08:35","modified_gmt":"2025-08-05T11:08:35","slug":"mavi-yemis-yuz-guldurdu-kilosu-500-tl","status":"publish","type":"post","link":"https:\/\/jetlak.app\/?p=199038","title":{"rendered":"Mavi yemi\u015f y\u00fcz g\u00fcld\u00fcrd\u00fc: Kilosu 500 TL"},"content":{"rendered":"<p><img decoding=\"async\" src=\"https:\/\/cdn1.ntv.com.tr\/gorsel\/DF3_ljHGE0mKXMrtnhLPqw.jpg?width=1200&amp;ampmode=crop&amp;ampscale=both\" class=\"type:primaryImage\" alt=\"Mavi yemi\u015f y\u00fcz g\u00fcld\u00fcrd\u00fc: Kilosu 500 TL\" \/><\/p>\n<p>Ordu\u2019da, B\u00fcy\u00fck\u015fehir Belediyesi taraf\u0131ndan fidanlar\u0131n\u0131n da\u011f\u0131t\u0131m\u0131 yap\u0131lan mavi yemi\u015fin hasad\u0131 ba\u015flad\u0131. \u00dcreticiler, kilogram\u0131 500 TL\u2019ye ula\u015fan mavi yemi\u015ften memnun olduklar\u0131n\u0131 belirtti.<\/p>\n<section class=\"type:slideshow\">\n<figure><img decoding=\"async\" src=\"https:\/\/cdn1.ntv.com.tr\/gorsel\/LskqCbx8aUOrAG6YCuarsg.jpg?width=1200&amp;mode=crop&amp;scale=both\" width=\"1200\" \/><figcaption>Ordu B\u00fcy\u00fck\u015fehir Belediye Ba\u015fkan\u0131 Dr. Mehmet Hilmi G\u00fcler\u2019in tar\u0131msal ekonomik gelir kaynaklar\u0131n\u0131n \u00e7e\u015fitlendirilmesi amac\u0131yla ilk d\u00f6neminde ba\u015flatt\u0131\u011f\u0131 \u00e7al\u0131\u015fmalar bu d\u00f6nemde de b\u00fcy\u00fcmeye ve geli\u015fmeye devam ediyor. Ordu B\u00fcy\u00fck\u015fehir Belediyesi\u2019nin destekleri ile ge\u00e7mi\u015f y\u0131llarda fidanlar\u0131 da\u011f\u0131t\u0131lan ve bug\u00fcnlerde hasad\u0131 yap\u0131larak kilogram\u0131 500 TL\u2019den ba\u015flayan fiyatlarda al\u0131c\u0131 bulan mavi yemi\u015f \u00fcreticilerin de y\u00fcz\u00fcn\u00fc g\u00fcld\u00fcr\u00fcyor.<\/figcaption><\/figure>\n<figure><img decoding=\"async\" src=\"https:\/\/cdn1.ntv.com.tr\/gorsel\/xdAG9Kx6IEOVIgRdHw52Uw.jpg?width=1200&amp;mode=crop&amp;scale=both\" width=\"1200\" \/><figcaption>B\u00fcy\u00fck\u015fehir Belediyesi, 2020 y\u0131l\u0131ndan itibaren bir\u00e7ok il\u00e7edeki \u00fcreticiye fidan ve damlama sulama borusu deste\u011fi sa\u011flad\u0131. Yap\u0131lan bu desteklerle mavi yemi\u015f \u00fcretim alan\u0131 Ordu genelinde bu y\u0131l itibari ile 176 dekara ula\u015ft\u0131.<\/figcaption><\/figure>\n<figure><img decoding=\"async\" src=\"https:\/\/cdn1.ntv.com.tr\/gorsel\/QQLIPIoCukWIKztRac8-FQ.jpg?width=1200&amp;mode=crop&amp;scale=both\" width=\"1200\" \/><figcaption>Bu \u00e7al\u0131\u015fmalarla birlikte mavi yemi\u015f f\u0131nd\u0131\u011f\u0131n yan\u0131nda ilave gelir getirici \u00fcr\u00fcn olarak \u00fcretim k\u00fclt\u00fcr\u00fcndeki yerini ald\u0131. Ordu topraklar\u0131n\u0131 seven ve verimin olduk\u00e7a iyi oldu\u011fu mavi yemi\u015f 500 TL\u2019den ba\u015flayan fiyatlarla al\u0131c\u0131 bulurken, ekonomik getirisi ile \u00fcreticileri de mutlu etti. F\u0131nd\u0131k veriminin d\u00fc\u015f\u00fck oldu\u011fu bah\u00e7elerde mavi yemi\u015fe ge\u00e7en \u00fcreticilerin birim alanda elde ettikleri geliri ise art\u0131rm\u0131\u015f oldu.<\/figcaption><\/figure>\n<figure><img decoding=\"async\" src=\"https:\/\/cdn1.ntv.com.tr\/gorsel\/XkC46Aa9yUCzonfv7weSJQ.jpg?width=1200&amp;mode=crop&amp;scale=both\" width=\"1200\" \/><figcaption>Ordu B\u00fcy\u00fck\u015fehir Belediyesi\u2019nin destekleriyle G\u00fcrgentepe il\u00e7esinde mavi yemi\u015f bah\u00e7esi kuran \u00fcreticilerden Adem Polat ve Murat Polat, mavi yemi\u015fin f\u0131nd\u0131\u011f\u0131n az oldu\u011fu yerlerde \u00f6nemli bir getirisi oldu\u011funu ve bah\u00e7elerini her ge\u00e7en g\u00fcn b\u00fcy\u00fctt\u00fcklerini s\u00f6ylediler. \u00dcr\u00fcn kalitesinin ve \u00fcretim miktar\u0131n\u0131n kendilerine \u00e7ok mutlu etti\u011fini aktaran \u00fcreticiler, bu y\u0131lki \u00fcr\u00fcn\u00fc ise 500 TL\u2019den satt\u0131klar\u0131n\u0131 ve herhangi bir pazar sorunu ya\u015famad\u0131klar\u0131n\u0131 ifade ettiler.<\/figcaption><\/figure>\n<figure><img decoding=\"async\" src=\"https:\/\/cdn1.ntv.com.tr\/gorsel\/HiXSFLwYiUOmdE6mZFpPnA.jpg?width=1200&amp;mode=crop&amp;scale=both\" width=\"1200\" \/><figcaption>Desteklerin \u00f6nemine de\u011finen \u00fcreticiler, katk\u0131lar\u0131ndan dolay\u0131 Ordu B\u00fcy\u00fck\u015fehir Belediye Ba\u015fkan\u0131 Dr. Mehmet Hilmi G\u00fcler\u2019e te\u015fekk\u00fcrlerini ilettiler.\u00d6te yandan, B\u00fcy\u00fck\u015fehir Belediyesi mavi yemi\u015f yeti\u015ftiricili\u011finin daha da yayg\u0131nla\u015ft\u0131r\u0131lmas\u0131 amac\u0131yla fidan, e\u011fitim ve her t\u00fcrl\u00fc teknik deste\u011fini s\u00fcrd\u00fcrecek.<\/figcaption><\/figure>\n<\/section>","protected":false},"excerpt":{"rendered":"<p>Ordu\u2019da, B\u00fcy\u00fck\u015fehir Belediyesi taraf\u0131ndan fidanlar\u0131n\u0131n da\u011f\u0131t\u0131m\u0131 yap\u0131lan mavi yemi\u015fin hasad\u0131 ba\u015flad\u0131. \u00dcreticiler, kilogram\u0131 500 TL\u2019ye ula\u015fan mavi yemi\u015ften memnun olduklar\u0131n\u0131 belirtti. Ordu B\u00fcy\u00fck\u015fehir Belediye Ba\u015fkan\u0131 Dr. Mehmet Hilmi G\u00fcler\u2019in tar\u0131msal ekonomik gelir kaynaklar\u0131n\u0131n \u00e7e\u015fitlendirilmesi amac\u0131yla ilk d\u00f6neminde ba\u015flatt\u0131\u011f\u0131 \u00e7al\u0131\u015fmalar bu d\u00f6nemde de b\u00fcy\u00fcmeye ve geli\u015fmeye devam ediyor. Ordu B\u00fcy\u00fck\u015fehir Belediyesi\u2019nin destekleri ile ge\u00e7mi\u015f y\u0131llarda fidanlar\u0131 [&hellip;]<\/p>\n","protected":false},"author":1,"featured_media":0,"comment_status":"open","ping_status":"open","sticky":false,"template":"","format":"standard","meta":{"jnews-multi-image_gallery":[],"jnews_single_post":[],"jnews_primary_category":[],"jnews_social_meta":[],"jnews_review":[],"enable_review":"","type":"","name":"","summary":"","brand":"","sku":"","good":[],"bad":[],"score_override":"","override_value":"","rating":[],"price":[],"jnews_override_counter":[],"jnews_post_split":[],"footnotes":""},"categories":[103],"tags":[],"class_list":["post-199038","post","type-post","status-publish","format-standard","hentry","category-ntv-k"],"amp_enabled":true,"_links":{"self":[{"href":"https:\/\/jetlak.app\/index.php?rest_route=\/wp\/v2\/posts\/199038","targetHints":{"allow":["GET"]}}],"collection":[{"href":"https:\/\/jetlak.app\/index.php?rest_route=\/wp\/v2\/posts"}],"about":[{"href":"https:\/\/jetlak.app\/index.php?rest_route=\/wp\/v2\/types\/post"}],"author":[{"embeddable":true,"href":"https:\/\/jetlak.app\/index.php?rest_route=\/wp\/v2\/users\/1"}],"replies":[{"embeddable":true,"href":"https:\/\/jetlak.app\/index.php?rest_route=%2Fwp%2Fv2%2Fcomments&post=199038"}],"version-history":[{"count":0,"href":"https:\/\/jetlak.app\/index.php?rest_route=\/wp\/v2\/posts\/199038\/revisions"}],"wp:attachment":[{"href":"https:\/\/jetlak.app\/index.php?rest_route=%2Fwp%2Fv2%2Fmedia&parent=199038"}],"wp:term":[{"taxonomy":"category","embeddable":true,"href":"https:\/\/jetlak.app\/index.php?rest_route=%2Fwp%2Fv2%2Fcategories&post=199038"},{"taxonomy":"post_tag","embeddable":true,"href":"https:\/\/jetlak.app\/index.php?rest_route=%2Fwp%2Fv2%2Ftags&post=199038"}],"curies":[{"name":"wp","href":"https:\/\/api.w.org\/{rel}","templated":true}]}}