{"id":293870,"date":"2025-08-16T14:50:42","date_gmt":"2025-08-16T11:50:42","guid":{"rendered":"https:\/\/jetlak.app\/?p=293870"},"modified":"2025-08-16T14:50:42","modified_gmt":"2025-08-16T11:50:42","slug":"bakan-isikhandan-memurlara-mesaj-uzlasi-zemininde-surec-devam-edecek","status":"publish","type":"post","link":"https:\/\/jetlak.app\/?p=293870","title":{"rendered":"Bakan I\u015f\u0131khan\u2019dan memurlara mesaj: Uzla\u015f\u0131 zemininde s\u00fcre\u00e7 devam edecek"},"content":{"rendered":"<p>\u00c7al\u0131\u015fma ve Sosyal G\u00fcvenlik Bakan\u0131 Vedat I\u015f\u0131khan, 8. D\u00f6nem Toplu S\u00f6zle\u015fme g\u00f6r\u00fc\u015fmeleri kapsam\u0131nda Memur-Sen Genel Ba\u015fkan\u0131 ve Kamu G\u00f6revlileri Sendikalar\u0131 Heyeti Ba\u015fkan\u0131 Ali Yal\u00e7\u0131n ile bir araya geldi. G\u00f6r\u00fc\u015fmelerin, kamu \u00e7al\u0131\u015fanlar\u0131n\u0131n taleplerine odaklanarak uzla\u015f\u0131 temelinde s\u00fcrd\u00fcr\u00fclece\u011fi bildirildi.<\/p>","protected":false},"excerpt":{"rendered":"<p>\u00c7al\u0131\u015fma ve Sosyal G\u00fcvenlik Bakan\u0131 Vedat I\u015f\u0131khan, 8. D\u00f6nem Toplu S\u00f6zle\u015fme g\u00f6r\u00fc\u015fmeleri kapsam\u0131nda Memur-Sen Genel Ba\u015fkan\u0131 ve Kamu G\u00f6revlileri Sendikalar\u0131 Heyeti Ba\u015fkan\u0131 Ali Yal\u00e7\u0131n ile bir araya geldi. G\u00f6r\u00fc\u015fmelerin, kamu \u00e7al\u0131\u015fanlar\u0131n\u0131n taleplerine odaklanarak uzla\u015f\u0131 temelinde s\u00fcrd\u00fcr\u00fclece\u011fi bildirildi.<\/p>\n","protected":false},"author":1,"featured_media":0,"comment_status":"open","ping_status":"open","sticky":false,"template":"","format":"standard","meta":{"jnews-multi-image_gallery":[],"jnews_single_post":[],"jnews_primary_category":[],"jnews_social_meta":[],"jnews_review":[],"enable_review":"","type":"","name":"","summary":"","brand":"","sku":"","good":[],"bad":[],"score_override":"","override_value":"","rating":[],"price":[],"jnews_override_counter":[],"jnews_post_split":[],"footnotes":""},"categories":[106],"tags":[],"class_list":["post-293870","post","type-post","status-publish","format-standard","hentry","category-cnn-2"],"amp_enabled":true,"_links":{"self":[{"href":"https:\/\/jetlak.app\/index.php?rest_route=\/wp\/v2\/posts\/293870","targetHints":{"allow":["GET"]}}],"collection":[{"href":"https:\/\/jetlak.app\/index.php?rest_route=\/wp\/v2\/posts"}],"about":[{"href":"https:\/\/jetlak.app\/index.php?rest_route=\/wp\/v2\/types\/post"}],"author":[{"embeddable":true,"href":"https:\/\/jetlak.app\/index.php?rest_route=\/wp\/v2\/users\/1"}],"replies":[{"embeddable":true,"href":"https:\/\/jetlak.app\/index.php?rest_route=%2Fwp%2Fv2%2Fcomments&post=293870"}],"version-history":[{"count":0,"href":"https:\/\/jetlak.app\/index.php?rest_route=\/wp\/v2\/posts\/293870\/revisions"}],"wp:attachment":[{"href":"https:\/\/jetlak.app\/index.php?rest_route=%2Fwp%2Fv2%2Fmedia&parent=293870"}],"wp:term":[{"taxonomy":"category","embeddable":true,"href":"https:\/\/jetlak.app\/index.php?rest_route=%2Fwp%2Fv2%2Fcategories&post=293870"},{"taxonomy":"post_tag","embeddable":true,"href":"https:\/\/jetlak.app\/index.php?rest_route=%2Fwp%2Fv2%2Ftags&post=293870"}],"curies":[{"name":"wp","href":"https:\/\/api.w.org\/{rel}","templated":true}]}}