{"id":295279,"date":"2025-08-16T18:45:57","date_gmt":"2025-08-16T15:45:57","guid":{"rendered":"https:\/\/jetlak.app\/?p=295279"},"modified":"2025-08-16T18:45:57","modified_gmt":"2025-08-16T15:45:57","slug":"memur-ve-emekli-zamminda-kritik-pazarlik","status":"publish","type":"post","link":"https:\/\/jetlak.app\/?p=295279","title":{"rendered":"Memur ve emekli zamm\u0131nda kritik pazarl\u0131k"},"content":{"rendered":"<p>1 A\u011fustos\u2019ta ba\u015flayan toplu s\u00f6zle\u015fme g\u00f6r\u00fc\u015fmelerinde uzla\u015fma sa\u011flanamad\u0131, g\u00f6zler h\u00fck\u00fcmetin sunaca\u011f\u0131 son teklife \u00e7evrildi. \u00c7al\u0131\u015fma ve Sosyal G\u00fcvenlik Bakan\u0131 Vedat I\u015f\u0131khan, sendika temsilcileriyle bir kez daha bir araya gelerek, \u201c\u0130lerleyen g\u00fcnlerde de uzla\u015f\u0131 zemininde g\u00f6r\u00fc\u015fmelerimizi s\u00fcrd\u00fcrece\u011fiz\u201d mesaj\u0131n\u0131 verdi.<\/p>","protected":false},"excerpt":{"rendered":"<p>1 A\u011fustos\u2019ta ba\u015flayan toplu s\u00f6zle\u015fme g\u00f6r\u00fc\u015fmelerinde uzla\u015fma sa\u011flanamad\u0131, g\u00f6zler h\u00fck\u00fcmetin sunaca\u011f\u0131 son teklife \u00e7evrildi. \u00c7al\u0131\u015fma ve Sosyal G\u00fcvenlik Bakan\u0131 Vedat I\u015f\u0131khan, sendika temsilcileriyle bir kez daha bir araya gelerek, \u201c\u0130lerleyen g\u00fcnlerde de uzla\u015f\u0131 zemininde g\u00f6r\u00fc\u015fmelerimizi s\u00fcrd\u00fcrece\u011fiz\u201d mesaj\u0131n\u0131 verdi.<\/p>\n","protected":false},"author":1,"featured_media":0,"comment_status":"open","ping_status":"open","sticky":false,"template":"","format":"standard","meta":{"jnews-multi-image_gallery":[],"jnews_single_post":[],"jnews_primary_category":[],"jnews_social_meta":[],"jnews_review":[],"enable_review":"","type":"","name":"","summary":"","brand":"","sku":"","good":[],"bad":[],"score_override":"","override_value":"","rating":[],"price":[],"jnews_override_counter":[],"jnews_post_split":[],"footnotes":""},"categories":[106],"tags":[],"class_list":["post-295279","post","type-post","status-publish","format-standard","hentry","category-cnn-2"],"amp_enabled":true,"_links":{"self":[{"href":"https:\/\/jetlak.app\/index.php?rest_route=\/wp\/v2\/posts\/295279","targetHints":{"allow":["GET"]}}],"collection":[{"href":"https:\/\/jetlak.app\/index.php?rest_route=\/wp\/v2\/posts"}],"about":[{"href":"https:\/\/jetlak.app\/index.php?rest_route=\/wp\/v2\/types\/post"}],"author":[{"embeddable":true,"href":"https:\/\/jetlak.app\/index.php?rest_route=\/wp\/v2\/users\/1"}],"replies":[{"embeddable":true,"href":"https:\/\/jetlak.app\/index.php?rest_route=%2Fwp%2Fv2%2Fcomments&post=295279"}],"version-history":[{"count":0,"href":"https:\/\/jetlak.app\/index.php?rest_route=\/wp\/v2\/posts\/295279\/revisions"}],"wp:attachment":[{"href":"https:\/\/jetlak.app\/index.php?rest_route=%2Fwp%2Fv2%2Fmedia&parent=295279"}],"wp:term":[{"taxonomy":"category","embeddable":true,"href":"https:\/\/jetlak.app\/index.php?rest_route=%2Fwp%2Fv2%2Fcategories&post=295279"},{"taxonomy":"post_tag","embeddable":true,"href":"https:\/\/jetlak.app\/index.php?rest_route=%2Fwp%2Fv2%2Ftags&post=295279"}],"curies":[{"name":"wp","href":"https:\/\/api.w.org\/{rel}","templated":true}]}}