{"id":352994,"date":"2025-08-23T14:19:17","date_gmt":"2025-08-23T11:19:17","guid":{"rendered":"https:\/\/jetlak.app\/?p=352994"},"modified":"2025-08-23T14:19:17","modified_gmt":"2025-08-23T11:19:17","slug":"meric-nehri-kurek-milli-takimi-icin-kamp-merkezine-donustu","status":"publish","type":"post","link":"https:\/\/jetlak.app\/?p=352994","title":{"rendered":"Meri\u00e7 Nehri, K\u00fcrek Milli Tak\u0131m\u0131 i\u00e7in kamp merkezine d\u00f6n\u00fc\u015ft\u00fc"},"content":{"rendered":"<p><img decoding=\"async\" src=\"https:\/\/cdn1.ntv.com.tr\/gorsel\/sCFLH7bzBkGlvpUlw5_MYA.jpg?width=1200&amp;ampmode=crop&amp;ampscale=both\" class=\"type:primaryImage\" alt=\"Meri\u00e7 Nehri, K\u00fcrek Milli Tak\u0131m\u0131 i\u00e7in kamp merkezine d\u00f6n\u00fc\u015ft\u00fc\" \/><\/p>\n<p>T\u00fcrkiye K\u00fcrek Federasyonu Y\u00f6netim Kurulu \u00dcyesi Nesim \u0130ba, Meri\u00e7 Nehri&#8217;nin K\u00fcrek Milli Tak\u0131m\u0131 i\u00e7in \u00f6nemli bir kamp merkezine d\u00f6n\u00fc\u015ft\u00fc\u011f\u00fcn\u00fc belirtti.<\/p>\n<p>\u0130ba, gazetecilere, Meri\u00e7 Nehri&#8217;nde d\u00fczenlenen Gen\u00e7ler T\u00fcrkiye K\u00fcrek \u015eampiyonas\u0131&#8217;n\u0131n heyecanl\u0131 \u015fekilde ge\u00e7ti\u011fini s\u00f6yledi.  Eleme yar\u0131\u015flar\u0131n\u0131n ard\u0131ndan sporcular\u0131n finallerde k\u00fcrek \u00e7ekmeye ba\u015flad\u0131\u011f\u0131n\u0131 belirten \u0130ba, &#8220;Gen\u00e7lerde T\u00fcrkiye&#8217;nin \u015fampiyonlar\u0131 belirleniyor. Meri\u00e7 Nehri b\u00fcy\u00fck \u015fampiyonlara ev sahipli\u011fi yapmaya devam ediyor.&#8221; dedi.  \u0130ba, Meri\u00e7 Nehri K\u00fcrek Parkuru&#8217;nun emin ad\u0131mlarla T\u00fcrkiye&#8217;nin &#8220;k\u00fcrek merkezi&#8221; olma yolunda ilerledi\u011fine dikkati \u00e7ekti.  Yar\u0131\u015flar\u0131n yan\u0131 s\u0131ra milli tak\u0131m kamplar\u0131n\u0131n Meri\u00e7&#8217;te yap\u0131ld\u0131\u011f\u0131n\u0131 anlatan \u0130ba, \u015funlar\u0131 kaydetti:  &#8220;Ekim ay\u0131nda Meri\u00e7 Nehri&#8217;nde b\u00fcy\u00fckler \u015fampiyonas\u0131 yap\u0131lacak. Bunun yan\u0131 s\u0131ra Balkan K\u00fcrek \u015eampiyonas\u0131 \u00f6ncesi 40 sporcunun kat\u0131l\u0131m\u0131yla Meri\u00e7 Nehri&#8217;nde milli tak\u0131m kamp\u0131 ger\u00e7ekle\u015ftirilecek. Meri\u00e7&#8217;teki parkur \u00f6nemli bir k\u00fcrek merkezi oldu. Yar\u0131\u015f ve kamp d\u00f6nemlerinde Edirne&#8217;ye \u00e7ok say\u0131da sporcu geliyor. Kent ekonomisini hareketlendiriyor. \u0130n\u015fallah k\u00fcrek yar\u0131\u015flar\u0131 ve kamplar artarak devam edecek.&#8221;  <strong>KARAARSLAN O\u011eLUNUN YARI\u015eINI TAK\u0130P ETT\u0130<\/strong>  AK Parti Merkez Karar ve Y\u00f6netim Kurulu \u00dcyesi ve Samsun Milletvekili \u00c7i\u011fdem Karaaslan, \u015fampiyonada k\u00fcrek \u00e7eken o\u011flunun yar\u0131\u015f\u0131n\u0131 takip etmek \u00fczere kente geldi.  Karaaslan, daha \u00f6nce ta\u015fk\u0131nlarla g\u00fcndeme gelen Meri\u00e7 Nehri&#8217;nin yap\u0131lan \u00e7al\u0131\u015fmalarla \u00f6nemli bir k\u00fcrek merkezine d\u00f6n\u00fc\u015ft\u00fcr\u00fcld\u00fc\u011f\u00fcn\u00fc ifade etti.  Yap\u0131lan organizasyonlar\u0131n kentte spor turizminin geli\u015fmesine katk\u0131 sa\u011flad\u0131\u011f\u0131n\u0131 belirten Karaaslan, &#8220;Spor turizmi d\u00fcnyada \u00e7ok h\u0131zla geli\u015fiyor. K\u00fcrek bran\u015f\u0131 da bunlardan biri. T\u00fcrkiye olarak biz de bu alanda \u00e7ok b\u00fcy\u00fck ba\u015far\u0131lar elde ediyoruz. D\u00fcnya K\u00fcrek \u015eampiyonas\u0131&#8217;nda ge\u00e7ti\u011fimiz g\u00fcnlerde 3 alt\u0131n madalya kazand\u0131k. Arkadan gelen gen\u00e7ler a\u00e7\u0131s\u0131ndan \u00f6nemli bir motivasyon kayna\u011f\u0131.&#8221; diye konu\u015ftu.  Karaaslan, k\u00fcrek bran\u015f\u0131na yap\u0131lan yat\u0131r\u0131mlar\u0131n kar\u015f\u0131l\u0131\u011f\u0131n\u0131n al\u0131nmaya ba\u015fland\u0131\u011f\u0131n\u0131 Meri\u00e7 Nehri&#8217;nin bu alanda \u00f6ne \u00e7\u0131kt\u0131\u011f\u0131n\u0131 dile getirdi.<\/p>","protected":false},"excerpt":{"rendered":"<p>T\u00fcrkiye K\u00fcrek Federasyonu Y\u00f6netim Kurulu \u00dcyesi Nesim \u0130ba, Meri\u00e7 Nehri&#8217;nin K\u00fcrek Milli Tak\u0131m\u0131 i\u00e7in \u00f6nemli bir kamp merkezine d\u00f6n\u00fc\u015ft\u00fc\u011f\u00fcn\u00fc belirtti. \u0130ba, gazetecilere, Meri\u00e7 Nehri&#8217;nde d\u00fczenlenen Gen\u00e7ler T\u00fcrkiye K\u00fcrek \u015eampiyonas\u0131&#8217;n\u0131n heyecanl\u0131 \u015fekilde ge\u00e7ti\u011fini s\u00f6yledi. Eleme yar\u0131\u015flar\u0131n\u0131n ard\u0131ndan sporcular\u0131n finallerde k\u00fcrek \u00e7ekmeye ba\u015flad\u0131\u011f\u0131n\u0131 belirten \u0130ba, &#8220;Gen\u00e7lerde T\u00fcrkiye&#8217;nin \u015fampiyonlar\u0131 belirleniyor. Meri\u00e7 Nehri b\u00fcy\u00fck \u015fampiyonlara ev sahipli\u011fi yapmaya devam [&hellip;]<\/p>\n","protected":false},"author":1,"featured_media":0,"comment_status":"open","ping_status":"open","sticky":false,"template":"","format":"standard","meta":{"jnews-multi-image_gallery":[],"jnews_single_post":[],"jnews_primary_category":[],"jnews_social_meta":[],"jnews_review":[],"enable_review":"","type":"","name":"","summary":"","brand":"","sku":"","good":[],"bad":[],"score_override":"","override_value":"","rating":[],"price":[],"jnews_override_counter":[],"jnews_post_split":[],"footnotes":""},"categories":[90],"tags":[],"class_list":["post-352994","post","type-post","status-publish","format-standard","hentry","category-ntv_spor"],"amp_enabled":true,"_links":{"self":[{"href":"https:\/\/jetlak.app\/index.php?rest_route=\/wp\/v2\/posts\/352994","targetHints":{"allow":["GET"]}}],"collection":[{"href":"https:\/\/jetlak.app\/index.php?rest_route=\/wp\/v2\/posts"}],"about":[{"href":"https:\/\/jetlak.app\/index.php?rest_route=\/wp\/v2\/types\/post"}],"author":[{"embeddable":true,"href":"https:\/\/jetlak.app\/index.php?rest_route=\/wp\/v2\/users\/1"}],"replies":[{"embeddable":true,"href":"https:\/\/jetlak.app\/index.php?rest_route=%2Fwp%2Fv2%2Fcomments&post=352994"}],"version-history":[{"count":0,"href":"https:\/\/jetlak.app\/index.php?rest_route=\/wp\/v2\/posts\/352994\/revisions"}],"wp:attachment":[{"href":"https:\/\/jetlak.app\/index.php?rest_route=%2Fwp%2Fv2%2Fmedia&parent=352994"}],"wp:term":[{"taxonomy":"category","embeddable":true,"href":"https:\/\/jetlak.app\/index.php?rest_route=%2Fwp%2Fv2%2Fcategories&post=352994"},{"taxonomy":"post_tag","embeddable":true,"href":"https:\/\/jetlak.app\/index.php?rest_route=%2Fwp%2Fv2%2Ftags&post=352994"}],"curies":[{"name":"wp","href":"https:\/\/api.w.org\/{rel}","templated":true}]}}