{"id":353768,"date":"2025-08-23T16:14:27","date_gmt":"2025-08-23T13:14:27","guid":{"rendered":"https:\/\/jetlak.app\/?p=353768"},"modified":"2025-08-23T16:14:27","modified_gmt":"2025-08-23T13:14:27","slug":"baris-alper-kadro-disi-mi-birakildi-galatasaraydan-resmi-aciklama-geldi","status":"publish","type":"post","link":"https:\/\/jetlak.app\/?p=353768","title":{"rendered":"Bar\u0131\u015f Alper kadro d\u0131\u015f\u0131 m\u0131 b\u0131rak\u0131ld\u0131? Galatasaray&#8217;dan resmi a\u00e7\u0131klama geldi"},"content":{"rendered":"<p><img decoding=\"async\" src=\"https:\/\/cdn1.ntv.com.tr\/gorsel\/Oxd2Aynz10yLPr73pMAkfA.jpg?width=1200&amp;ampmode=crop&amp;ampscale=both\" class=\"type:primaryImage\" alt=\"Bar\u0131\u015f Alper kadro d\u0131\u015f\u0131 m\u0131 b\u0131rak\u0131ld\u0131?\" \/><\/p>\n<p>Bar\u0131\u015f Alper Y\u0131lmaz&#8217;\u0131n kadro d\u0131\u015f\u0131 kald\u0131\u011f\u0131 iddialar\u0131n\u0131n ard\u0131ndan Galatasaray&#8217;dan resmi a\u00e7\u0131klama yap\u0131ld\u0131.<\/p>\n<p>Galatasaray, Kaysersipor ma\u00e7\u0131n\u0131n kadrosunda <strong>Bar\u0131\u015f Alper Y\u0131lmaz&#8217;<\/strong>a yer vermedi. Milli futbolcunun kadro d\u0131\u015f\u0131 kald\u0131\u011f\u0131 \u00f6ne s\u00fcr\u00fcld\u00fc.\u00a0<\/p>\n<p>Galatasaray s\u00fcresiz kadro d\u0131\u015f\u0131 b\u0131rak\u0131ld\u0131\u011f\u0131 iddialar\u0131n\u0131 yalanlad\u0131.<\/p>\n<p><strong>Galatasaray Sportif A.\u015e. Ba\u015fkan Vekili\u00a0Abdullah Kavuk\u00e7u imzas\u0131yla yay\u0131nlanan a\u00e7\u0131klama \u015fu ifadeler yer ald\u0131:<\/strong>  &#8220;Galatasaray&#8217;da transfer g\u00f6r\u00fc\u015fmeleri yapan Bar\u0131\u015f Alper Y\u0131lmaz Kayserispor deplasman\u0131na g\u00f6t\u00fcr\u00fclmeyecek. Lemina da a\u011fr\u0131lar\u0131 sebebiyle kafilede yer almas\u0131 beklenmiyor.\u00a0Bug\u00fcn bir YouTube kanal\u0131n\u0131n X hesab\u0131nda \u00e7\u0131kan \u201cBar\u0131\u015f Alper Y\u0131lmaz\u2019\u0131n s\u00fcresiz kadro d\u0131\u015f\u0131 b\u0131rak\u0131ld\u0131\u011f\u0131\u201d y\u00f6n\u00fcndeki haberler tamamen as\u0131ls\u0131zd\u0131r. Bu t\u00fcr haberler hem oyuncumuza hem de kul\u00fcb\u00fcm\u00fcze zarar vermekte olup, hangi motivasyonla servis edildi\u011fini anlamak m\u00fcmk\u00fcn de\u011fildir.<\/p>\n<p> Bar\u0131\u015f Alper Y\u0131lmaz, aidiyeti ve sahadaki h\u0131rs\u0131yla Galatasaray i\u00e7in \u00e7ok b\u00fcy\u00fck bir de\u011ferdir. Kayserispor ma\u00e7\u0131 kafilesinde yer almamas\u0131n\u0131n nedeni, i\u00e7inde bulundu\u011fu s\u00fcrecin kendisine daha fazla y\u00fck olmamas\u0131 amac\u0131yla, teknik heyetimiz ve y\u00f6netimimizin ortak karar\u0131d\u0131r. Bu karar tamamen oyuncumuzu koruma ama\u00e7l\u0131 olup, kadro d\u0131\u015f\u0131 b\u0131rak\u0131lmas\u0131 gibi bir durum kesinlikle s\u00f6z konusu de\u011fildir.   Yanl\u0131\u015f bilgilerin h\u0131zla yay\u0131ld\u0131\u011f\u0131 bu d\u00f6nemde, kamuoyunun do\u011fru bilgilendirilmesi ad\u0131na de\u011ferli bas\u0131n mensuplar\u0131n\u0131n gerekli hassasiyeti g\u00f6sterece\u011fine inan\u0131yoruz.&#8221; <\/p>\n<p><img decoding=\"async\" src=\"https:\/\/cdn1.ntv.com.tr\/gorsel\/2nZkLjoWukesSRUXRbg8Pg.jpg?width=1200&amp;ampmode=crop&amp;ampscale=both\" alt=\"\" \/><strong>NELER YA\u015eANDI?<\/strong>  Suudi Arabistan ekibi NEOM&#8217;un Bar\u0131\u015f Alper Y\u0131lmaz&#8217;la g\u00f6r\u00fc\u015ft\u00fc\u011f\u00fc ve maa\u015f\u0131n\u0131n 7 kat\u0131n\u0131 \u00f6nerdi\u011fi iddia edilmi\u015fti.  Suudi kul\u00fcb\u00fcn\u00fcn\u00a0Galatasaray&#8217;a teklifinin ise 30 milyon euroyu buldu\u011fu ancak sar\u0131 k\u0131rm\u0131z\u0131l\u0131 kul\u00fcb\u00fcn kap\u0131y\u0131 50 milyon eurodan a\u00e7t\u0131\u011f\u0131 ve ilk g\u00f6r\u00fc\u015fmeden sonu\u00e7 \u00e7\u0131kmad\u0131\u011f\u0131 iddia edilmi\u015fti.  Bu geli\u015fmenin ard\u0131ndan Galatasaray, kul\u00fcb\u00fcn izni olmadan oyuncunun akl\u0131n\u0131n \u00e7elinmesinden dolay\u0131 NEOM&#8217;a ihtar \u00e7ekti\u011fi \u00f6ne s\u00fcr\u00fclm\u00fc\u015ft\u00fc.  Bar\u0131\u015f Alper&#8217;in ise Galatasaray y\u00f6netimine &#8220;Beni b\u0131rak\u0131n, bu teklifi bir daha bulamam.&#8221; dedi\u011fi iddia edilmi\u015fti.  Ba\u015fkan Dursun \u00d6zbek, futbolcunun transferine izin vermeyeceklerini a\u00e7\u0131klad\u0131.\u00a0  Futbolcunun menajeri ise\u00a0 Bar\u0131\u015f&#8217;a, kul\u00fcp y\u00f6netimi bu yaz i\u00e7in \u201cTeklif gelmesi h\u00e2linde \u00f6n\u00fcn\u00fc kapatmayaca\u011f\u0131z, diledi\u011fin yere gidebilirsin\u201d \u015feklinde s\u00f6z vermi\u015ftir.&#8221; ifadelerini kulland\u0131.<\/p>","protected":false},"excerpt":{"rendered":"<p>Bar\u0131\u015f Alper Y\u0131lmaz&#8217;\u0131n kadro d\u0131\u015f\u0131 kald\u0131\u011f\u0131 iddialar\u0131n\u0131n ard\u0131ndan Galatasaray&#8217;dan resmi a\u00e7\u0131klama yap\u0131ld\u0131. Galatasaray, Kaysersipor ma\u00e7\u0131n\u0131n kadrosunda Bar\u0131\u015f Alper Y\u0131lmaz&#8217;a yer vermedi. Milli futbolcunun kadro d\u0131\u015f\u0131 kald\u0131\u011f\u0131 \u00f6ne s\u00fcr\u00fcld\u00fc.\u00a0 Galatasaray s\u00fcresiz kadro d\u0131\u015f\u0131 b\u0131rak\u0131ld\u0131\u011f\u0131 iddialar\u0131n\u0131 yalanlad\u0131. Galatasaray Sportif A.\u015e. Ba\u015fkan Vekili\u00a0Abdullah Kavuk\u00e7u imzas\u0131yla yay\u0131nlanan a\u00e7\u0131klama \u015fu ifadeler yer ald\u0131: &#8220;Galatasaray&#8217;da transfer g\u00f6r\u00fc\u015fmeleri yapan Bar\u0131\u015f Alper Y\u0131lmaz [&hellip;]<\/p>\n","protected":false},"author":1,"featured_media":0,"comment_status":"open","ping_status":"open","sticky":false,"template":"","format":"standard","meta":{"jnews-multi-image_gallery":[],"jnews_single_post":[],"jnews_primary_category":[],"jnews_social_meta":[],"jnews_review":[],"enable_review":"","type":"","name":"","summary":"","brand":"","sku":"","good":[],"bad":[],"score_override":"","override_value":"","rating":[],"price":[],"jnews_override_counter":[],"jnews_post_split":[],"footnotes":""},"categories":[90],"tags":[],"class_list":["post-353768","post","type-post","status-publish","format-standard","hentry","category-ntv_spor"],"amp_enabled":true,"_links":{"self":[{"href":"https:\/\/jetlak.app\/index.php?rest_route=\/wp\/v2\/posts\/353768","targetHints":{"allow":["GET"]}}],"collection":[{"href":"https:\/\/jetlak.app\/index.php?rest_route=\/wp\/v2\/posts"}],"about":[{"href":"https:\/\/jetlak.app\/index.php?rest_route=\/wp\/v2\/types\/post"}],"author":[{"embeddable":true,"href":"https:\/\/jetlak.app\/index.php?rest_route=\/wp\/v2\/users\/1"}],"replies":[{"embeddable":true,"href":"https:\/\/jetlak.app\/index.php?rest_route=%2Fwp%2Fv2%2Fcomments&post=353768"}],"version-history":[{"count":0,"href":"https:\/\/jetlak.app\/index.php?rest_route=\/wp\/v2\/posts\/353768\/revisions"}],"wp:attachment":[{"href":"https:\/\/jetlak.app\/index.php?rest_route=%2Fwp%2Fv2%2Fmedia&parent=353768"}],"wp:term":[{"taxonomy":"category","embeddable":true,"href":"https:\/\/jetlak.app\/index.php?rest_route=%2Fwp%2Fv2%2Fcategories&post=353768"},{"taxonomy":"post_tag","embeddable":true,"href":"https:\/\/jetlak.app\/index.php?rest_route=%2Fwp%2Fv2%2Ftags&post=353768"}],"curies":[{"name":"wp","href":"https:\/\/api.w.org\/{rel}","templated":true}]}}