{"id":355093,"date":"2025-08-23T19:54:27","date_gmt":"2025-08-23T16:54:27","guid":{"rendered":"https:\/\/jetlak.app\/?p=355093"},"modified":"2025-08-23T19:54:27","modified_gmt":"2025-08-23T16:54:27","slug":"galatasaray-kayseride","status":"publish","type":"post","link":"https:\/\/jetlak.app\/?p=355093","title":{"rendered":"Galatasaray, Kayseri&#8217;de"},"content":{"rendered":"<p><img decoding=\"async\" src=\"https:\/\/cdn1.ntv.com.tr\/gorsel\/S6qt8qhks0uHHD4NNGGfAQ.jpg?width=1200&amp;ampmode=crop&amp;ampscale=both\" class=\"type:primaryImage\" alt=\"Galatasaray, Kayseri'de\" \/><\/p>\n<p>S\u00fcper Lig&#8217;in 3. haftas\u0131nda deplasmanda Kayserispor ile kar\u015f\u0131la\u015facak olan Galatasaray, Kayseri&#8217;ye gitti.<\/p>\n<p>Galatasaray kafilesini ta\u015f\u0131yan u\u00e7ak Kayseri Havaalan\u0131&#8217;na ini\u015f yaparken, sar\u0131-k\u0131rm\u0131z\u0131l\u0131lar geni\u015f g\u00fcvenlik \u00f6nlemleri ile birlikte ma\u00e7 saatine kadar konaklayaca\u011f\u0131 otele hareket etti. <\/p>\n<p>\u00d6te yandan \u00e7ok say\u0131da taraftar, Galatasaray&#8217;\u0131 otel \u00f6n\u00fcnde kar\u015f\u0131lad\u0131. Taraftarlar tezah\u00fcratlar\u0131yla tak\u0131ma moral verdi. <\/p>\n<p>Trendyol S\u00fcper Lig&#8217;in 3. haftas\u0131nda oynanacak olan Kayserispor &#8211; Galatasaray kar\u015f\u0131la\u015fmas\u0131 yar\u0131n saat 21.30&#8217;da oynanacak. <\/p>","protected":false},"excerpt":{"rendered":"<p>S\u00fcper Lig&#8217;in 3. haftas\u0131nda deplasmanda Kayserispor ile kar\u015f\u0131la\u015facak olan Galatasaray, Kayseri&#8217;ye gitti. Galatasaray kafilesini ta\u015f\u0131yan u\u00e7ak Kayseri Havaalan\u0131&#8217;na ini\u015f yaparken, sar\u0131-k\u0131rm\u0131z\u0131l\u0131lar geni\u015f g\u00fcvenlik \u00f6nlemleri ile birlikte ma\u00e7 saatine kadar konaklayaca\u011f\u0131 otele hareket etti. \u00d6te yandan \u00e7ok say\u0131da taraftar, Galatasaray&#8217;\u0131 otel \u00f6n\u00fcnde kar\u015f\u0131lad\u0131. Taraftarlar tezah\u00fcratlar\u0131yla tak\u0131ma moral verdi. Trendyol S\u00fcper Lig&#8217;in 3. haftas\u0131nda oynanacak olan Kayserispor [&hellip;]<\/p>\n","protected":false},"author":1,"featured_media":0,"comment_status":"open","ping_status":"open","sticky":false,"template":"","format":"standard","meta":{"jnews-multi-image_gallery":[],"jnews_single_post":[],"jnews_primary_category":[],"jnews_social_meta":[],"jnews_review":[],"enable_review":"","type":"","name":"","summary":"","brand":"","sku":"","good":[],"bad":[],"score_override":"","override_value":"","rating":[],"price":[],"jnews_override_counter":[],"jnews_post_split":[],"footnotes":""},"categories":[90],"tags":[],"class_list":["post-355093","post","type-post","status-publish","format-standard","hentry","category-ntv_spor"],"amp_enabled":true,"_links":{"self":[{"href":"https:\/\/jetlak.app\/index.php?rest_route=\/wp\/v2\/posts\/355093","targetHints":{"allow":["GET"]}}],"collection":[{"href":"https:\/\/jetlak.app\/index.php?rest_route=\/wp\/v2\/posts"}],"about":[{"href":"https:\/\/jetlak.app\/index.php?rest_route=\/wp\/v2\/types\/post"}],"author":[{"embeddable":true,"href":"https:\/\/jetlak.app\/index.php?rest_route=\/wp\/v2\/users\/1"}],"replies":[{"embeddable":true,"href":"https:\/\/jetlak.app\/index.php?rest_route=%2Fwp%2Fv2%2Fcomments&post=355093"}],"version-history":[{"count":0,"href":"https:\/\/jetlak.app\/index.php?rest_route=\/wp\/v2\/posts\/355093\/revisions"}],"wp:attachment":[{"href":"https:\/\/jetlak.app\/index.php?rest_route=%2Fwp%2Fv2%2Fmedia&parent=355093"}],"wp:term":[{"taxonomy":"category","embeddable":true,"href":"https:\/\/jetlak.app\/index.php?rest_route=%2Fwp%2Fv2%2Fcategories&post=355093"},{"taxonomy":"post_tag","embeddable":true,"href":"https:\/\/jetlak.app\/index.php?rest_route=%2Fwp%2Fv2%2Ftags&post=355093"}],"curies":[{"name":"wp","href":"https:\/\/api.w.org\/{rel}","templated":true}]}}