{"id":55665,"date":"2025-07-13T21:05:25","date_gmt":"2025-07-13T18:05:25","guid":{"rendered":"https:\/\/jetlak.app\/?p=55665"},"modified":"2025-07-13T21:05:25","modified_gmt":"2025-07-13T18:05:25","slug":"sirbistan-turkiye-canli-izle-voleybol-kadinlar-milletler-ligi","status":"publish","type":"post","link":"https:\/\/jetlak.app\/?p=55665","title":{"rendered":"S\u0131rbistan-T\u00fcrkiye | CANLI \u0130ZLE (Voleybol Kad\u0131nlar Milletler Ligi)"},"content":{"rendered":"<p><img decoding=\"async\" src=\"https:\/\/iaftm.tmgrup.com.tr\/c8644f\/1200\/675\/0\/14\/659\/385?u=https:\/\/iftm.tmgrup.com.tr\/2025\/07\/13\/sirbistan-turkiye-canli-izle-voleybol-kadinlar-milletler-ligi-1752427980283.jpg\" alt=\"S\u0131rbistan-T\u00fcrkiye | CANLI \u0130ZLE (Voleybol Kad\u0131nlar Milletler Ligi)\" \/><br \/>A Milli Kad\u0131n Voleybol Tak\u0131m\u0131&#8217;m\u0131z, 2025 FIVB Voleybol Milletler Ligi (VNL) 3. haftas\u0131nda S\u0131rbistan ile kar\u015f\u0131 kar\u015f\u0131ya geliyor. M\u00fccadeleyi haberimizden canl\u0131 olarak izleyebilirsiniz.<a href=\"https:\/\/www.fotomac.com.tr\/voleybol\/2025\/07\/13\/sirbistan-turkiye-canli-izle-voleybol-kadinlar-milletler-ligi\">Devam\u0131 i\u00e7in t\u0131klay\u0131n\u0131z<\/a><\/p>","protected":false},"excerpt":{"rendered":"<p>A Milli Kad\u0131n Voleybol Tak\u0131m\u0131&#8217;m\u0131z, 2025 FIVB Voleybol Milletler Ligi (VNL) 3. haftas\u0131nda S\u0131rbistan ile kar\u015f\u0131 kar\u015f\u0131ya geliyor. M\u00fccadeleyi haberimizden canl\u0131 olarak izleyebilirsiniz.Devam\u0131 i\u00e7in t\u0131klay\u0131n\u0131z<\/p>\n","protected":false},"author":1,"featured_media":55667,"comment_status":"open","ping_status":"open","sticky":false,"template":"","format":"standard","meta":{"jnews-multi-image_gallery":[],"jnews_single_post":[],"jnews_primary_category":[],"jnews_social_meta":[],"jnews_review":[],"enable_review":"","type":"","name":"","summary":"","brand":"","sku":"","good":[],"bad":[],"score_override":"","override_value":"","rating":[],"price":[],"jnews_override_counter":[],"jnews_post_split":[],"footnotes":""},"categories":[92],"tags":[],"class_list":["post-55665","post","type-post","status-publish","format-standard","has-post-thumbnail","hentry","category-fotomac"],"amp_enabled":true,"_links":{"self":[{"href":"https:\/\/jetlak.app\/index.php?rest_route=\/wp\/v2\/posts\/55665","targetHints":{"allow":["GET"]}}],"collection":[{"href":"https:\/\/jetlak.app\/index.php?rest_route=\/wp\/v2\/posts"}],"about":[{"href":"https:\/\/jetlak.app\/index.php?rest_route=\/wp\/v2\/types\/post"}],"author":[{"embeddable":true,"href":"https:\/\/jetlak.app\/index.php?rest_route=\/wp\/v2\/users\/1"}],"replies":[{"embeddable":true,"href":"https:\/\/jetlak.app\/index.php?rest_route=%2Fwp%2Fv2%2Fcomments&post=55665"}],"version-history":[{"count":0,"href":"https:\/\/jetlak.app\/index.php?rest_route=\/wp\/v2\/posts\/55665\/revisions"}],"wp:featuredmedia":[{"embeddable":true,"href":"https:\/\/jetlak.app\/index.php?rest_route=\/wp\/v2\/media\/55667"}],"wp:attachment":[{"href":"https:\/\/jetlak.app\/index.php?rest_route=%2Fwp%2Fv2%2Fmedia&parent=55665"}],"wp:term":[{"taxonomy":"category","embeddable":true,"href":"https:\/\/jetlak.app\/index.php?rest_route=%2Fwp%2Fv2%2Fcategories&post=55665"},{"taxonomy":"post_tag","embeddable":true,"href":"https:\/\/jetlak.app\/index.php?rest_route=%2Fwp%2Fv2%2Ftags&post=55665"}],"curies":[{"name":"wp","href":"https:\/\/api.w.org\/{rel}","templated":true}]}}