{"id":57728,"date":"2025-07-14T07:37:24","date_gmt":"2025-07-14T04:37:24","guid":{"rendered":"https:\/\/jetlak.app\/?p=57728"},"modified":"2025-07-14T07:37:24","modified_gmt":"2025-07-14T04:37:24","slug":"issizlik-sigortasi-fonuna-iliskin-yeni-karar-yuzde-50ye-cikarildi","status":"publish","type":"post","link":"https:\/\/jetlak.app\/?p=57728","title":{"rendered":"\u0130\u015fsizlik Sigortas\u0131 Fonu&#8217;na ili\u015fkin yeni karar: Y\u00fczde 50&#8217;ye \u00e7\u0131kar\u0131ld\u0131"},"content":{"rendered":"<p><img decoding=\"async\" src=\"https:\/\/cdn1.ntv.com.tr\/gorsel\/CRn8KFzxJEWlhLMGSL2vfw.jpg?width=1200&amp;ampmode=crop&amp;ampscale=both\" class=\"type:primaryImage\" alt=\"\u0130\u015fsizlik Sigortas\u0131 Fonu'na ili\u015fkin yeni karar\" \/><\/p>\n<p>\u0130\u015fsizlik Sigortas\u0131 Fonu&#8217;nda biriken kayna\u011f\u0131n yeni istihdam yaratmak amac\u0131yla kullan\u0131labilecek oran\u0131 y\u00fczde 30&#8217;dan y\u00fczde 50&#8217;ye y\u00fckseltildi.<\/p>\n<p>Resmi Gazete&#8217;de yay\u0131mlanan\u00a0\u0130\u015fsizlik\u00a0Fonu gelirlerinin, 4447 say\u0131l\u0131 \u0130\u015fsizlik Sigortas\u0131 Kanunu&#8217;nun 48&#8217;inci maddesinin yedinci f\u0131kras\u0131nda belirtilen ama\u00e7lar i\u00e7in kullan\u0131lacak oran\u0131n\u0131n art\u0131r\u0131lmas\u0131na ili\u015fkin Cumhurba\u015fkan\u0131 Karar\u0131 y\u00fcr\u00fcrl\u00fc\u011fe girdi. <\/p>\n<p><span>Buna g\u00f6re \u0130\u015fsizlik Sigortas\u0131 Fonu&#8217;nda biriken kayna\u011f\u0131n yeni sithidam yaratmak, \u00e7al\u0131\u015fanlar\u0131n vas\u0131flar\u0131n\u0131 y\u00fckselterek i\u015fsizlik riskini azaltmak ve teknolojik geli\u015fmeler nedeniyle i\u015fsiz kalmas\u0131 beklenenlerin ba\u015fka alanlara y\u00f6nlendirilmesini sa\u011flamak, istihdam art\u0131r\u0131c\u0131 ve koruyucu tedbirler almak ve uygulamak, i\u015fe yerle\u015ftirme ve dan\u0131\u015fmanl\u0131k hizmetleri temin etmek, i\u015fg\u00fcc\u00fc piyasas\u0131 ara\u015ft\u0131rma ve planlama \u00e7al\u0131\u015fmalar\u0131n\u0131 yapmak ve fondan \u00f6denmek \u00fczere vize edilmi\u015f s\u00f6zle\u015fmeli personel pozisyonlar\u0131nda \u00e7al\u0131\u015fanlar ile bunlardan ilgili mevzuat\u0131na g\u00f6re kurum kadrolar\u0131na atanan ve kurumda \u00e7al\u0131\u015fmaya devam eden personelin mali ve sosyal haklar\u0131na ili\u015fkin \u00f6demeleri ger\u00e7ekle\u015ftirmek amac\u0131yla kullan\u0131labilecek oran\u0131 y\u00fczde 30&#8217;dan y\u00fczde 50&#8217;ye y\u00fckseltildi.<\/span><\/p>","protected":false},"excerpt":{"rendered":"<p>\u0130\u015fsizlik Sigortas\u0131 Fonu&#8217;nda biriken kayna\u011f\u0131n yeni istihdam yaratmak amac\u0131yla kullan\u0131labilecek oran\u0131 y\u00fczde 30&#8217;dan y\u00fczde 50&#8217;ye y\u00fckseltildi. Resmi Gazete&#8217;de yay\u0131mlanan\u00a0\u0130\u015fsizlik\u00a0Fonu gelirlerinin, 4447 say\u0131l\u0131 \u0130\u015fsizlik Sigortas\u0131 Kanunu&#8217;nun 48&#8217;inci maddesinin yedinci f\u0131kras\u0131nda belirtilen ama\u00e7lar i\u00e7in kullan\u0131lacak oran\u0131n\u0131n art\u0131r\u0131lmas\u0131na ili\u015fkin Cumhurba\u015fkan\u0131 Karar\u0131 y\u00fcr\u00fcrl\u00fc\u011fe girdi. Buna g\u00f6re \u0130\u015fsizlik Sigortas\u0131 Fonu&#8217;nda biriken kayna\u011f\u0131n yeni sithidam yaratmak, \u00e7al\u0131\u015fanlar\u0131n vas\u0131flar\u0131n\u0131 y\u00fckselterek i\u015fsizlik riskini [&hellip;]<\/p>\n","protected":false},"author":1,"featured_media":56221,"comment_status":"open","ping_status":"open","sticky":false,"template":"","format":"standard","meta":{"jnews-multi-image_gallery":[],"jnews_single_post":[],"jnews_primary_category":[],"jnews_social_meta":[],"jnews_review":[],"enable_review":"","type":"","name":"","summary":"","brand":"","sku":"","good":[],"bad":[],"score_override":"","override_value":"","rating":[],"price":[],"jnews_override_counter":[],"jnews_post_split":[],"footnotes":""},"categories":[103],"tags":[],"class_list":["post-57728","post","type-post","status-publish","format-standard","has-post-thumbnail","hentry","category-ntv-k"],"amp_enabled":true,"_links":{"self":[{"href":"https:\/\/jetlak.app\/index.php?rest_route=\/wp\/v2\/posts\/57728","targetHints":{"allow":["GET"]}}],"collection":[{"href":"https:\/\/jetlak.app\/index.php?rest_route=\/wp\/v2\/posts"}],"about":[{"href":"https:\/\/jetlak.app\/index.php?rest_route=\/wp\/v2\/types\/post"}],"author":[{"embeddable":true,"href":"https:\/\/jetlak.app\/index.php?rest_route=\/wp\/v2\/users\/1"}],"replies":[{"embeddable":true,"href":"https:\/\/jetlak.app\/index.php?rest_route=%2Fwp%2Fv2%2Fcomments&post=57728"}],"version-history":[{"count":0,"href":"https:\/\/jetlak.app\/index.php?rest_route=\/wp\/v2\/posts\/57728\/revisions"}],"wp:featuredmedia":[{"embeddable":true,"href":"https:\/\/jetlak.app\/index.php?rest_route=\/wp\/v2\/media\/56221"}],"wp:attachment":[{"href":"https:\/\/jetlak.app\/index.php?rest_route=%2Fwp%2Fv2%2Fmedia&parent=57728"}],"wp:term":[{"taxonomy":"category","embeddable":true,"href":"https:\/\/jetlak.app\/index.php?rest_route=%2Fwp%2Fv2%2Fcategories&post=57728"},{"taxonomy":"post_tag","embeddable":true,"href":"https:\/\/jetlak.app\/index.php?rest_route=%2Fwp%2Fv2%2Ftags&post=57728"}],"curies":[{"name":"wp","href":"https:\/\/api.w.org\/{rel}","templated":true}]}}