{"id":58902,"date":"2025-07-14T11:22:15","date_gmt":"2025-07-14T08:22:15","guid":{"rendered":"https:\/\/jetlak.app\/?p=58902"},"modified":"2025-07-14T11:22:15","modified_gmt":"2025-07-14T08:22:15","slug":"fenerbahcenin-portekiz-kamp-kadrosu-aciklandi-iste-listede-olmayan-isimler","status":"publish","type":"post","link":"https:\/\/jetlak.app\/?p=58902","title":{"rendered":"Fenerbah\u00e7e&#8217;nin Portekiz kamp kadrosu a\u00e7\u0131kland\u0131! \u0130\u015fte listede olmayan isimler"},"content":{"rendered":"<p><img decoding=\"async\" src=\"https:\/\/iaftm.tmgrup.com.tr\/15e0af\/1200\/675\/0\/0\/800\/450?u=https:\/\/iftm.tmgrup.com.tr\/2025\/07\/14\/fenerbahcenin-portekiz-kamp-kadrosu-aciklandi-iste-listede-olmayan-isimler-1752479036213.jpeg\" alt=\"Fenerbah\u00e7e'nin Portekiz kamp kadrosu a\u00e7\u0131kland\u0131! \u0130\u015fte listede olmayan isimler\" \/><br \/>Fenerbah\u00e7e&#8217;nin Portekiz kamp kadrosu a\u00e7\u0131kland\u0131. \u0130\u015fte detaylar&#8230; | Son dakika spor haberleri<a href=\"https:\/\/www.fotomac.com.tr\/fenerbahce\/2025\/07\/14\/fenerbahcenin-portekiz-kamp-kadrosu-aciklandi-iste-listede-olmayan-isimler\">Devam\u0131 i\u00e7in t\u0131klay\u0131n\u0131z<\/a><\/p>","protected":false},"excerpt":{"rendered":"<p>Fenerbah\u00e7e&#8217;nin Portekiz kamp kadrosu a\u00e7\u0131kland\u0131. \u0130\u015fte detaylar&#8230; | Son dakika spor haberleriDevam\u0131 i\u00e7in t\u0131klay\u0131n\u0131z<\/p>\n","protected":false},"author":1,"featured_media":58904,"comment_status":"open","ping_status":"open","sticky":false,"template":"","format":"standard","meta":{"jnews-multi-image_gallery":[],"jnews_single_post":[],"jnews_primary_category":[],"jnews_social_meta":[],"jnews_review":[],"enable_review":"","type":"","name":"","summary":"","brand":"","sku":"","good":[],"bad":[],"score_override":"","override_value":"","rating":[],"price":[],"jnews_override_counter":[],"jnews_post_split":[],"footnotes":""},"categories":[92],"tags":[],"class_list":["post-58902","post","type-post","status-publish","format-standard","has-post-thumbnail","hentry","category-fotomac"],"amp_enabled":true,"_links":{"self":[{"href":"https:\/\/jetlak.app\/index.php?rest_route=\/wp\/v2\/posts\/58902","targetHints":{"allow":["GET"]}}],"collection":[{"href":"https:\/\/jetlak.app\/index.php?rest_route=\/wp\/v2\/posts"}],"about":[{"href":"https:\/\/jetlak.app\/index.php?rest_route=\/wp\/v2\/types\/post"}],"author":[{"embeddable":true,"href":"https:\/\/jetlak.app\/index.php?rest_route=\/wp\/v2\/users\/1"}],"replies":[{"embeddable":true,"href":"https:\/\/jetlak.app\/index.php?rest_route=%2Fwp%2Fv2%2Fcomments&post=58902"}],"version-history":[{"count":0,"href":"https:\/\/jetlak.app\/index.php?rest_route=\/wp\/v2\/posts\/58902\/revisions"}],"wp:featuredmedia":[{"embeddable":true,"href":"https:\/\/jetlak.app\/index.php?rest_route=\/wp\/v2\/media\/58904"}],"wp:attachment":[{"href":"https:\/\/jetlak.app\/index.php?rest_route=%2Fwp%2Fv2%2Fmedia&parent=58902"}],"wp:term":[{"taxonomy":"category","embeddable":true,"href":"https:\/\/jetlak.app\/index.php?rest_route=%2Fwp%2Fv2%2Fcategories&post=58902"},{"taxonomy":"post_tag","embeddable":true,"href":"https:\/\/jetlak.app\/index.php?rest_route=%2Fwp%2Fv2%2Ftags&post=58902"}],"curies":[{"name":"wp","href":"https:\/\/api.w.org\/{rel}","templated":true}]}}