{"id":59586,"date":"2025-07-14T13:25:43","date_gmt":"2025-07-14T10:25:43","guid":{"rendered":"https:\/\/jetlak.app\/?p=59586"},"modified":"2025-07-14T13:25:43","modified_gmt":"2025-07-14T10:25:43","slug":"galatasarayda-okan-buruk-2-ismin-biletini-kesti-umraniyespor-maci-sonrasi-flas-karar","status":"publish","type":"post","link":"https:\/\/jetlak.app\/?p=59586","title":{"rendered":"Galatasaray&#8217;da Okan Buruk 2 ismin biletini kesti! \u00dcmraniyespor ma\u00e7\u0131 sonras\u0131 fla\u015f karar"},"content":{"rendered":"<p><img decoding=\"async\" src=\"https:\/\/iaftm.tmgrup.com.tr\/3e66f4\/1200\/675\/0\/0\/800\/449?u=https:\/\/iftm.tmgrup.com.tr\/2025\/07\/14\/galatasarayda-okan-buruk-2-ismin-biletini-kesti-umraniyespor-maci-sonrasi-flas-karar-1752485599835.jpeg\" alt=\"Galatasaray'da Okan Buruk 2 ismin biletini kesti! \u00dcmraniyespor ma\u00e7\u0131 sonras\u0131 fla\u015f karar\" \/><br \/>\u015eampiyonlar Ligi&#8217;nde iddial\u0131 bir tak\u0131m kurmak i\u00e7in yo\u011fun mesai harcayan Galatasaray&#8217;da ayr\u0131lacak isimlerde netle\u015fmeye ba\u015flad\u0131. Tecr\u00fcbeli teknik adam Okan Buruk, \u00dcmraniyespor ma\u00e7\u0131n\u0131n ard\u0131ndan 2 ismin biletini&#8230;<a href=\"https:\/\/www.fotomac.com.tr\/galatasaray\/2025\/07\/14\/galatasarayda-okan-buruk-2-ismin-biletini-kesti-umraniyespor-maci-sonrasi-flas-karar\">Devam\u0131 i\u00e7in t\u0131klay\u0131n\u0131z<\/a><\/p>","protected":false},"excerpt":{"rendered":"<p>\u015eampiyonlar Ligi&#8217;nde iddial\u0131 bir tak\u0131m kurmak i\u00e7in yo\u011fun mesai harcayan Galatasaray&#8217;da ayr\u0131lacak isimlerde netle\u015fmeye ba\u015flad\u0131. Tecr\u00fcbeli teknik adam Okan Buruk, \u00dcmraniyespor ma\u00e7\u0131n\u0131n ard\u0131ndan 2 ismin biletini&#8230;Devam\u0131 i\u00e7in t\u0131klay\u0131n\u0131z<\/p>\n","protected":false},"author":1,"featured_media":59588,"comment_status":"open","ping_status":"open","sticky":false,"template":"","format":"standard","meta":{"jnews-multi-image_gallery":[],"jnews_single_post":[],"jnews_primary_category":[],"jnews_social_meta":[],"jnews_review":[],"enable_review":"","type":"","name":"","summary":"","brand":"","sku":"","good":[],"bad":[],"score_override":"","override_value":"","rating":[],"price":[],"jnews_override_counter":[],"jnews_post_split":[],"footnotes":""},"categories":[92],"tags":[],"class_list":["post-59586","post","type-post","status-publish","format-standard","has-post-thumbnail","hentry","category-fotomac"],"amp_enabled":true,"_links":{"self":[{"href":"https:\/\/jetlak.app\/index.php?rest_route=\/wp\/v2\/posts\/59586","targetHints":{"allow":["GET"]}}],"collection":[{"href":"https:\/\/jetlak.app\/index.php?rest_route=\/wp\/v2\/posts"}],"about":[{"href":"https:\/\/jetlak.app\/index.php?rest_route=\/wp\/v2\/types\/post"}],"author":[{"embeddable":true,"href":"https:\/\/jetlak.app\/index.php?rest_route=\/wp\/v2\/users\/1"}],"replies":[{"embeddable":true,"href":"https:\/\/jetlak.app\/index.php?rest_route=%2Fwp%2Fv2%2Fcomments&post=59586"}],"version-history":[{"count":0,"href":"https:\/\/jetlak.app\/index.php?rest_route=\/wp\/v2\/posts\/59586\/revisions"}],"wp:featuredmedia":[{"embeddable":true,"href":"https:\/\/jetlak.app\/index.php?rest_route=\/wp\/v2\/media\/59588"}],"wp:attachment":[{"href":"https:\/\/jetlak.app\/index.php?rest_route=%2Fwp%2Fv2%2Fmedia&parent=59586"}],"wp:term":[{"taxonomy":"category","embeddable":true,"href":"https:\/\/jetlak.app\/index.php?rest_route=%2Fwp%2Fv2%2Fcategories&post=59586"},{"taxonomy":"post_tag","embeddable":true,"href":"https:\/\/jetlak.app\/index.php?rest_route=%2Fwp%2Fv2%2Ftags&post=59586"}],"curies":[{"name":"wp","href":"https:\/\/api.w.org\/{rel}","templated":true}]}}