{"id":59705,"date":"2025-07-14T13:37:41","date_gmt":"2025-07-14T10:37:41","guid":{"rendered":"https:\/\/jetlak.app\/?p=59705"},"modified":"2025-07-14T13:37:41","modified_gmt":"2025-07-14T10:37:41","slug":"istanbul-toplu-ulasim-ucret-tarifesi-2025-ogrenci-tam-aylik-iett-metro-metrobus-marmaray-ne-kadar-kac-tl-basiyor","status":"publish","type":"post","link":"https:\/\/jetlak.app\/?p=59705","title":{"rendered":"\u0130STANBUL TOPLU ULA\u015eIM \u00dcCRET TAR\u0130FES\u0130 2025! \u00d6\u011frenci, tam ayl\u0131k \u0130ETT, metro, metrob\u00fcs, Marmaray ne kadar, ka\u00e7 TL bas\u0131yor?"},"content":{"rendered":"<p>\u0130stanbul B\u00fcy\u00fck\u015fehir Belediyesi (\u0130BB) Ula\u015f\u0131m Koordinasyon Merkezi&#8217;nin 2025 Ocak ay\u0131 toplant\u0131s\u0131nda al\u0131nan karara g\u00f6re toplu ta\u015f\u0131ma \u00fccretlerine y\u00fczde 35 oran\u0131nda zam yap\u0131ld\u0131. \u0130BB toplu ula\u015f\u0131m \u00fccretlerine yap\u0131lan zam sonras\u0131nda \u0130ETT, Metro, metrob\u00fcs, \u00f6\u011frenci ve tam ka\u00e7 TL bas\u0131yor? sorusu g\u00fcndem oldu. Ayl\u0131k abonman yapan vatanda\u015flar, \u00f6\u011frenciler ve tek bas\u0131m kullananlar g\u00fcncel akbil \u00fccretlerini merak ediyor. Peki, zam sonras\u0131nda \u00f6\u011frenci, tam ayl\u0131k akbil \u00fccreti ne kadar oldu, ayl\u0131k abonman \u00fccreti ka\u00e7 TL oldu? \u0130\u015fte yeni \u00fccret detaylar\u0131.<\/p>","protected":false},"excerpt":{"rendered":"<p>\u0130stanbul B\u00fcy\u00fck\u015fehir Belediyesi (\u0130BB) Ula\u015f\u0131m Koordinasyon Merkezi&#8217;nin 2025 Ocak ay\u0131 toplant\u0131s\u0131nda al\u0131nan karara g\u00f6re toplu ta\u015f\u0131ma \u00fccretlerine y\u00fczde 35 oran\u0131nda zam yap\u0131ld\u0131. \u0130BB toplu ula\u015f\u0131m \u00fccretlerine yap\u0131lan zam sonras\u0131nda \u0130ETT, Metro, metrob\u00fcs, \u00f6\u011frenci ve tam ka\u00e7 TL bas\u0131yor? sorusu g\u00fcndem oldu. Ayl\u0131k abonman yapan vatanda\u015flar, \u00f6\u011frenciler ve tek bas\u0131m kullananlar g\u00fcncel akbil \u00fccretlerini merak ediyor. [&hellip;]<\/p>\n","protected":false},"author":1,"featured_media":59687,"comment_status":"open","ping_status":"open","sticky":false,"template":"","format":"standard","meta":{"jnews-multi-image_gallery":[],"jnews_single_post":[],"jnews_primary_category":[],"jnews_social_meta":[],"jnews_review":[],"enable_review":"","type":"","name":"","summary":"","brand":"","sku":"","good":[],"bad":[],"score_override":"","override_value":"","rating":[],"price":[],"jnews_override_counter":[],"jnews_post_split":[],"footnotes":""},"categories":[106],"tags":[],"class_list":["post-59705","post","type-post","status-publish","format-standard","has-post-thumbnail","hentry","category-cnn-2"],"amp_enabled":true,"_links":{"self":[{"href":"https:\/\/jetlak.app\/index.php?rest_route=\/wp\/v2\/posts\/59705","targetHints":{"allow":["GET"]}}],"collection":[{"href":"https:\/\/jetlak.app\/index.php?rest_route=\/wp\/v2\/posts"}],"about":[{"href":"https:\/\/jetlak.app\/index.php?rest_route=\/wp\/v2\/types\/post"}],"author":[{"embeddable":true,"href":"https:\/\/jetlak.app\/index.php?rest_route=\/wp\/v2\/users\/1"}],"replies":[{"embeddable":true,"href":"https:\/\/jetlak.app\/index.php?rest_route=%2Fwp%2Fv2%2Fcomments&post=59705"}],"version-history":[{"count":0,"href":"https:\/\/jetlak.app\/index.php?rest_route=\/wp\/v2\/posts\/59705\/revisions"}],"wp:featuredmedia":[{"embeddable":true,"href":"https:\/\/jetlak.app\/index.php?rest_route=\/wp\/v2\/media\/59687"}],"wp:attachment":[{"href":"https:\/\/jetlak.app\/index.php?rest_route=%2Fwp%2Fv2%2Fmedia&parent=59705"}],"wp:term":[{"taxonomy":"category","embeddable":true,"href":"https:\/\/jetlak.app\/index.php?rest_route=%2Fwp%2Fv2%2Fcategories&post=59705"},{"taxonomy":"post_tag","embeddable":true,"href":"https:\/\/jetlak.app\/index.php?rest_route=%2Fwp%2Fv2%2Ftags&post=59705"}],"curies":[{"name":"wp","href":"https:\/\/api.w.org\/{rel}","templated":true}]}}