{"id":68658,"date":"2025-07-15T15:51:32","date_gmt":"2025-07-15T12:51:32","guid":{"rendered":"https:\/\/jetlak.app\/?p=68658"},"modified":"2025-07-15T15:51:32","modified_gmt":"2025-07-15T12:51:32","slug":"kulubu-satacagi-iddia-edilmisti-acun-ilicalidan-aciklama-geldi","status":"publish","type":"post","link":"https:\/\/jetlak.app\/?p=68658","title":{"rendered":"Kul\u00fcb\u00fc sataca\u011f\u0131 iddia edilmi\u015fti&#8230; Acun Il\u0131cal\u0131&#8217;dan a\u00e7\u0131klama geldi"},"content":{"rendered":"<p><img decoding=\"async\" src=\"https:\/\/cdn1.ntv.com.tr\/gorsel\/FwjENGuJJEWTRKX6PJ7SDw.jpg?width=1200&amp;ampmode=crop&amp;ampscale=both\" class=\"type:primaryImage\" alt=\"Acun Il\u0131cal\u0131'dan a\u00e7\u0131klama geldi\" \/><\/p>\n<p>Hull City tak\u0131m\u0131n\u0131\u00a0satmaya karar verdi\u011fi \u00f6ne s\u00fcr\u00fclen Acun Il\u0131cal\u0131&#8217;dan iddialar\u0131n ard\u0131ndan a\u00e7\u0131klama\u00a0geldi.<\/p>\n<p>Ge\u00e7en sezon averajla k\u00fcmede kalan\u00a0<strong>Hull City<\/strong>&#8216;yi sataca\u011f\u0131 \u00f6ne s\u00fcr\u00fclen <strong>Acun Il\u0131cal\u0131<\/strong> iddialar\u0131 yalanlad\u0131.\u00a0<\/p>\n<p>Il\u0131cal\u0131 konu hakk\u0131nda,\u00a0&#8220;Kul\u00fcb\u00fc sataca\u011f\u0131m diye bir a\u00e7\u0131klamam hi\u00e7 olmad\u0131. B\u00f6yle bir soru soruldu, kul\u00fcpten de ilgi olmas\u0131 normal diye cevap verildi. \u00c7\u00fcnk\u00fc kadromuzun \u015fu andaki de\u011feri 50 milyon euronun \u00fczerinde, geldi\u011fimizde 20 milyon euro civar\u0131ndayd\u0131. Biraz daha yukar\u0131 \u00e7\u0131kacak bu. Potansiyel olarak iki kat\u0131na kadar \u00e7\u0131kabilece\u011fini d\u00fc\u015f\u00fcn\u00fcyoruz. \u0130lgi olmas\u0131 normal dedik. Kul\u00fcb\u00fc satmak gibi bir d\u00fc\u015f\u00fcncem \u015fu anda yok.&#8221; ifadelerini kulland\u0131.\u00a0<\/p>\n<p><strong>FENERBAH\u00c7E A\u00c7IKLAMASI<\/strong><\/p>\n<p>Fenerbah\u00e7e&#8217;deki asba\u015fkanl\u0131k g\u00f6revinden istifa eden Il\u0131cal\u0131, Fenerbah\u00e7e&#8217;de g\u00f6rev yapt\u0131\u011f\u0131m i\u00e7in gururluyum. Ge\u00e7ti\u011fimiz sezonu analiz etmek de\u011fil, gelecek sezonu konu\u015fmam gerekirse, ge\u00e7mi\u015fi konu\u015fmay\u0131 sevmiyorum \u015fu anda, iyi bir kadro kuruluyor.&#8221; dedi.<\/p>\n<p><img decoding=\"async\" src=\"https:\/\/cdn1.ntv.com.tr\/gorsel\/gpzfdTUsYEG9qoRLgfIMeg.jpg?width=1200&amp;ampmode=crop&amp;ampscale=both\" alt=\"\" \/><strong>&#8220;HER ZAMAN BURADAYIM&#8221;<\/strong>  <strong>Il\u0131cal\u0131 s\u00f6zlerini \u015f\u00f6yle s\u00fcrd\u00fcrd\u00fc:<\/strong>  &#8220;Ba\u015fkan\u0131m\u0131z da gece-g\u00fcnd\u00fcz b\u00fcy\u00fck bir \u00e7aba i\u00e7erisinde. G\u00fczel transferler yap\u0131ld\u0131, yap\u0131l\u0131yor, yap\u0131lacak gibi de duruyor. G\u00fc\u00e7l\u00fc bir kadromuz olaca\u011f\u0131n\u0131 hissediyorum. Bir Fenerbah\u00e7e taraftar\u0131 olarak, tak\u0131m\u0131 hep destekleyece\u011fim. Ba\u015fkan\u0131m\u0131z da benden bir \u015fey isterse, her zaman buraday\u0131m. Burada \u00f6nemli olan g\u00f6n\u00fcllerin bir olmas\u0131. \u0130yi bir Fenerbah\u00e7eli&#8217;yim.&#8221;<\/p>","protected":false},"excerpt":{"rendered":"<p>Hull City tak\u0131m\u0131n\u0131\u00a0satmaya karar verdi\u011fi \u00f6ne s\u00fcr\u00fclen Acun Il\u0131cal\u0131&#8217;dan iddialar\u0131n ard\u0131ndan a\u00e7\u0131klama\u00a0geldi. Ge\u00e7en sezon averajla k\u00fcmede kalan\u00a0Hull City&#8216;yi sataca\u011f\u0131 \u00f6ne s\u00fcr\u00fclen Acun Il\u0131cal\u0131 iddialar\u0131 yalanlad\u0131.\u00a0 Il\u0131cal\u0131 konu hakk\u0131nda,\u00a0&#8220;Kul\u00fcb\u00fc sataca\u011f\u0131m diye bir a\u00e7\u0131klamam hi\u00e7 olmad\u0131. B\u00f6yle bir soru soruldu, kul\u00fcpten de ilgi olmas\u0131 normal diye cevap verildi. \u00c7\u00fcnk\u00fc kadromuzun \u015fu andaki de\u011feri 50 milyon euronun \u00fczerinde, [&hellip;]<\/p>\n","protected":false},"author":1,"featured_media":68660,"comment_status":"open","ping_status":"open","sticky":false,"template":"","format":"standard","meta":{"jnews-multi-image_gallery":[],"jnews_single_post":[],"jnews_primary_category":[],"jnews_social_meta":[],"jnews_review":[],"enable_review":"","type":"","name":"","summary":"","brand":"","sku":"","good":[],"bad":[],"score_override":"","override_value":"","rating":[],"price":[],"jnews_override_counter":[],"jnews_post_split":[],"footnotes":""},"categories":[90],"tags":[],"class_list":["post-68658","post","type-post","status-publish","format-standard","has-post-thumbnail","hentry","category-ntv_spor"],"amp_enabled":true,"_links":{"self":[{"href":"https:\/\/jetlak.app\/index.php?rest_route=\/wp\/v2\/posts\/68658","targetHints":{"allow":["GET"]}}],"collection":[{"href":"https:\/\/jetlak.app\/index.php?rest_route=\/wp\/v2\/posts"}],"about":[{"href":"https:\/\/jetlak.app\/index.php?rest_route=\/wp\/v2\/types\/post"}],"author":[{"embeddable":true,"href":"https:\/\/jetlak.app\/index.php?rest_route=\/wp\/v2\/users\/1"}],"replies":[{"embeddable":true,"href":"https:\/\/jetlak.app\/index.php?rest_route=%2Fwp%2Fv2%2Fcomments&post=68658"}],"version-history":[{"count":0,"href":"https:\/\/jetlak.app\/index.php?rest_route=\/wp\/v2\/posts\/68658\/revisions"}],"wp:featuredmedia":[{"embeddable":true,"href":"https:\/\/jetlak.app\/index.php?rest_route=\/wp\/v2\/media\/68660"}],"wp:attachment":[{"href":"https:\/\/jetlak.app\/index.php?rest_route=%2Fwp%2Fv2%2Fmedia&parent=68658"}],"wp:term":[{"taxonomy":"category","embeddable":true,"href":"https:\/\/jetlak.app\/index.php?rest_route=%2Fwp%2Fv2%2Fcategories&post=68658"},{"taxonomy":"post_tag","embeddable":true,"href":"https:\/\/jetlak.app\/index.php?rest_route=%2Fwp%2Fv2%2Ftags&post=68658"}],"curies":[{"name":"wp","href":"https:\/\/api.w.org\/{rel}","templated":true}]}}