{"id":68869,"date":"2025-07-15T16:50:40","date_gmt":"2025-07-15T13:50:40","guid":{"rendered":"https:\/\/jetlak.app\/?p=68869"},"modified":"2025-07-15T16:50:40","modified_gmt":"2025-07-15T13:50:40","slug":"transfer-haberi-premier-lig-devinin-kalecisi-galatasaraya-o-sarti-yerine-getirilirse","status":"publish","type":"post","link":"https:\/\/jetlak.app\/?p=68869","title":{"rendered":"TRANSFER HABER\u0130 | Premier Lig devinin kalecisi Galatasaray&#8217;a! O \u015fart\u0131 yerine getirilirse&#8230;"},"content":{"rendered":"<p><img decoding=\"async\" src=\"https:\/\/iaftm.tmgrup.com.tr\/bf6064\/1200\/675\/0\/0\/1500\/843?u=https:\/\/iftm.tmgrup.com.tr\/2025\/07\/15\/transfer-haberi-premier-lig-devinin-kalecisi-galatasaraya-o-sarti-yerine-getirilirse-1752582880044.jpeg\" alt=\"TRANSFER HABER\u0130 | Premier Lig devinin kalecisi Galatasaray'a! O \u015fart\u0131 yerine getirilirse...\" \/><br \/>Galatasaray, 14 senenin ard\u0131ndan sona eren Fernando Muslera sonras\u0131 yeni kalecisi i\u00e7in aray\u0131\u015flar\u0131n\u0131 s\u00fcrd\u00fcr\u00fcyor. Sar\u0131-k\u0131rm\u0131z\u0131l\u0131lar, son olarak Premier Lig&#8217;in dev tak\u0131mlar\u0131ndan o ekibin kalecisini g\u00fcndemine&#8230;<a href=\"https:\/\/www.fotomac.com.tr\/galatasaray\/2025\/07\/15\/transfer-haberi-premier-lig-devinin-kalecisi-galatasaraya-o-sarti-yerine-getirilirse\">Devam\u0131 i\u00e7in t\u0131klay\u0131n\u0131z<\/a><\/p>","protected":false},"excerpt":{"rendered":"<p>Galatasaray, 14 senenin ard\u0131ndan sona eren Fernando Muslera sonras\u0131 yeni kalecisi i\u00e7in aray\u0131\u015flar\u0131n\u0131 s\u00fcrd\u00fcr\u00fcyor. Sar\u0131-k\u0131rm\u0131z\u0131l\u0131lar, son olarak Premier Lig&#8217;in dev tak\u0131mlar\u0131ndan o ekibin kalecisini g\u00fcndemine&#8230;Devam\u0131 i\u00e7in t\u0131klay\u0131n\u0131z<\/p>\n","protected":false},"author":1,"featured_media":68871,"comment_status":"open","ping_status":"open","sticky":false,"template":"","format":"standard","meta":{"jnews-multi-image_gallery":[],"jnews_single_post":[],"jnews_primary_category":[],"jnews_social_meta":[],"jnews_review":[],"enable_review":"","type":"","name":"","summary":"","brand":"","sku":"","good":[],"bad":[],"score_override":"","override_value":"","rating":[],"price":[],"jnews_override_counter":[],"jnews_post_split":[],"footnotes":""},"categories":[92],"tags":[],"class_list":["post-68869","post","type-post","status-publish","format-standard","has-post-thumbnail","hentry","category-fotomac"],"amp_enabled":true,"_links":{"self":[{"href":"https:\/\/jetlak.app\/index.php?rest_route=\/wp\/v2\/posts\/68869","targetHints":{"allow":["GET"]}}],"collection":[{"href":"https:\/\/jetlak.app\/index.php?rest_route=\/wp\/v2\/posts"}],"about":[{"href":"https:\/\/jetlak.app\/index.php?rest_route=\/wp\/v2\/types\/post"}],"author":[{"embeddable":true,"href":"https:\/\/jetlak.app\/index.php?rest_route=\/wp\/v2\/users\/1"}],"replies":[{"embeddable":true,"href":"https:\/\/jetlak.app\/index.php?rest_route=%2Fwp%2Fv2%2Fcomments&post=68869"}],"version-history":[{"count":0,"href":"https:\/\/jetlak.app\/index.php?rest_route=\/wp\/v2\/posts\/68869\/revisions"}],"wp:featuredmedia":[{"embeddable":true,"href":"https:\/\/jetlak.app\/index.php?rest_route=\/wp\/v2\/media\/68871"}],"wp:attachment":[{"href":"https:\/\/jetlak.app\/index.php?rest_route=%2Fwp%2Fv2%2Fmedia&parent=68869"}],"wp:term":[{"taxonomy":"category","embeddable":true,"href":"https:\/\/jetlak.app\/index.php?rest_route=%2Fwp%2Fv2%2Fcategories&post=68869"},{"taxonomy":"post_tag","embeddable":true,"href":"https:\/\/jetlak.app\/index.php?rest_route=%2Fwp%2Fv2%2Ftags&post=68869"}],"curies":[{"name":"wp","href":"https:\/\/api.w.org\/{rel}","templated":true}]}}