{"id":735085,"date":"2026-04-08T16:20:25","date_gmt":"2026-04-08T13:20:25","guid":{"rendered":"https:\/\/jetlak.app\/?p=735085"},"modified":"2026-04-08T16:20:25","modified_gmt":"2026-04-08T13:20:25","slug":"asgari-ucrete-ara-zam-gelecek-mi-o-isim-canli-yayinda-bombayi-patlatti","status":"publish","type":"post","link":"https:\/\/jetlak.app\/?p=735085","title":{"rendered":"Asgari \u00fccrete ara zam gelecek mi? O isim canl\u0131 yay\u0131nda bombay\u0131 patlatt\u0131"},"content":{"rendered":"<p><a href=\"https:\/\/www.f5haber.com\/asgari-ucrete-ara-zam-gelecek-mi-o-isim-canli-yayinda-bombayi-patlatti-fotogaleri-6905485\"><br \/>\n                                                            <img loading=\"lazy\" decoding=\"async\" src=\"https:\/\/img.f5haber.com\/rcman\/Cw150h84q95gc\/storage\/files\/images\/2025\/12\/23\/asgari-ucret-hesap-rftg_cover.jpg\" width=\"150\" height=\"84\" border=\"0\" align=\"right\" \/><br \/>\n                                                    <\/a><\/p>\n<h4>Asgari \u00fccrete ara zam ve seyyanen zam en \u00e7ok merak edilen konular\u0131n ba\u015f\u0131nda geliyor. Sosyal G\u00fcvenlik Uzman\u0131 \u0130sa Karaka\u015f, TGRT Haber canl\u0131 yay\u0131n\u0131nda \u00e7al\u0131\u015fma hayat\u0131ndaki ma\u011fduriyetleri tek tek s\u0131ralayarak \u00e7\u00f6z\u00fcm bekleyen milyonlara seslendi. Asgari \u00fccret i\u00e7in hayati bir hesaplama yapan Karaka\u015f, temel ihtiya\u00e7lar baz al\u0131nd\u0131\u011f\u0131nda rakam\u0131n 42.585 lira seviyesinde olmas\u0131 gerekti\u011fini vurgularken, Temmuz ay\u0131 i\u00e7in ara zam kap\u0131s\u0131n\u0131 aralad\u0131 ve seyyanen zam hakk\u0131nda kritik tarihi a\u00e7\u0131klad\u0131.<\/h4>","protected":false},"excerpt":{"rendered":"<p>Asgari \u00fccrete ara zam ve seyyanen zam en \u00e7ok merak edilen konular\u0131n ba\u015f\u0131nda geliyor. Sosyal G\u00fcvenlik Uzman\u0131 \u0130sa Karaka\u015f, TGRT Haber canl\u0131 yay\u0131n\u0131nda \u00e7al\u0131\u015fma hayat\u0131ndaki ma\u011fduriyetleri tek tek s\u0131ralayarak \u00e7\u00f6z\u00fcm bekleyen milyonlara seslendi. Asgari \u00fccret i\u00e7in hayati bir hesaplama yapan Karaka\u015f, temel ihtiya\u00e7lar baz al\u0131nd\u0131\u011f\u0131nda rakam\u0131n 42.585 lira seviyesinde olmas\u0131 gerekti\u011fini vurgularken, Temmuz ay\u0131 i\u00e7in [&hellip;]<\/p>\n","protected":false},"author":1,"featured_media":735087,"comment_status":"open","ping_status":"open","sticky":false,"template":"","format":"standard","meta":{"jnews-multi-image_gallery":[],"jnews_single_post":[],"jnews_primary_category":[],"jnews_social_meta":[],"jnews_review":[],"enable_review":"","type":"","name":"","summary":"","brand":"","sku":"","good":[],"bad":[],"score_override":"","override_value":"","rating":[],"price":[],"jnews_override_counter":[],"jnews_post_split":[],"footnotes":""},"categories":[118],"tags":[],"class_list":["post-735085","post","type-post","status-publish","format-standard","has-post-thumbnail","hentry","category-f5_eg"],"amp_enabled":true,"_links":{"self":[{"href":"https:\/\/jetlak.app\/index.php?rest_route=\/wp\/v2\/posts\/735085","targetHints":{"allow":["GET"]}}],"collection":[{"href":"https:\/\/jetlak.app\/index.php?rest_route=\/wp\/v2\/posts"}],"about":[{"href":"https:\/\/jetlak.app\/index.php?rest_route=\/wp\/v2\/types\/post"}],"author":[{"embeddable":true,"href":"https:\/\/jetlak.app\/index.php?rest_route=\/wp\/v2\/users\/1"}],"replies":[{"embeddable":true,"href":"https:\/\/jetlak.app\/index.php?rest_route=%2Fwp%2Fv2%2Fcomments&post=735085"}],"version-history":[{"count":0,"href":"https:\/\/jetlak.app\/index.php?rest_route=\/wp\/v2\/posts\/735085\/revisions"}],"wp:featuredmedia":[{"embeddable":true,"href":"https:\/\/jetlak.app\/index.php?rest_route=\/wp\/v2\/media\/735087"}],"wp:attachment":[{"href":"https:\/\/jetlak.app\/index.php?rest_route=%2Fwp%2Fv2%2Fmedia&parent=735085"}],"wp:term":[{"taxonomy":"category","embeddable":true,"href":"https:\/\/jetlak.app\/index.php?rest_route=%2Fwp%2Fv2%2Fcategories&post=735085"},{"taxonomy":"post_tag","embeddable":true,"href":"https:\/\/jetlak.app\/index.php?rest_route=%2Fwp%2Fv2%2Ftags&post=735085"}],"curies":[{"name":"wp","href":"https:\/\/api.w.org\/{rel}","templated":true}]}}