{"id":735367,"date":"2026-04-08T20:19:17","date_gmt":"2026-04-08T17:19:17","guid":{"rendered":"https:\/\/jetlak.app\/?p=735367"},"modified":"2026-04-08T20:19:17","modified_gmt":"2026-04-08T17:19:17","slug":"byd-turkiye-fabrikasina-ceza","status":"publish","type":"post","link":"https:\/\/jetlak.app\/?p=735367","title":{"rendered":"BYD T\u00fcrkiye Fabrikas\u0131na Ceza!"},"content":{"rendered":"<p>\u00c7inli otomobil devi BYD, T\u00fcrkiye\u2019de kurmay\u0131 planlad\u0131\u011f\u0131 fabrika i\u00e7in verdi\u011fi yat\u0131r\u0131m s\u00f6zlerini yerine getirmemekle g\u00fcndemde. 8 Temmuz 2024 tarihinde Sanayi ve Teknoloji Bakan\u0131 Mehmet Fatih Kac\u0131r ile BYD Y\u00f6netim Kurulu Ba\u015fkan\u0131 aras\u0131nda imzalanan anla\u015fman\u0131n \u00fczerinden neredeyse iki y\u0131l ge\u00e7mesine ra\u011fmen, tesis in\u015fas\u0131 i\u00e7in hen\u00fcz \u00e7ivi bile \u00e7ak\u0131lmad\u0131. Manisa civar\u0131nda kurulmas\u0131 planlanan ve 1 milyar dolar [\u2026]<\/p>","protected":false},"excerpt":{"rendered":"<p>\u00c7inli otomobil devi BYD, T\u00fcrkiye\u2019de kurmay\u0131 planlad\u0131\u011f\u0131 fabrika i\u00e7in verdi\u011fi yat\u0131r\u0131m s\u00f6zlerini yerine getirmemekle g\u00fcndemde. 8 Temmuz 2024 tarihinde Sanayi ve Teknoloji Bakan\u0131 Mehmet Fatih Kac\u0131r ile BYD Y\u00f6netim Kurulu Ba\u015fkan\u0131 aras\u0131nda imzalanan anla\u015fman\u0131n \u00fczerinden neredeyse iki y\u0131l ge\u00e7mesine ra\u011fmen, tesis in\u015fas\u0131 i\u00e7in hen\u00fcz \u00e7ivi bile \u00e7ak\u0131lmad\u0131. Manisa civar\u0131nda kurulmas\u0131 planlanan ve 1 milyar dolar [&hellip;]<\/p>\n","protected":false},"author":1,"featured_media":735368,"comment_status":"open","ping_status":"open","sticky":false,"template":"","format":"standard","meta":{"jnews-multi-image_gallery":[],"jnews_single_post":[],"jnews_primary_category":[],"jnews_social_meta":[],"jnews_review":[],"enable_review":"","type":"","name":"","summary":"","brand":"","sku":"","good":[],"bad":[],"score_override":"","override_value":"","rating":[],"price":[],"jnews_override_counter":[],"jnews_post_split":[],"footnotes":""},"categories":[47],"tags":[],"class_list":["post-735367","post","type-post","status-publish","format-standard","has-post-thumbnail","hentry","category-shiftdelete"],"amp_enabled":true,"_links":{"self":[{"href":"https:\/\/jetlak.app\/index.php?rest_route=\/wp\/v2\/posts\/735367","targetHints":{"allow":["GET"]}}],"collection":[{"href":"https:\/\/jetlak.app\/index.php?rest_route=\/wp\/v2\/posts"}],"about":[{"href":"https:\/\/jetlak.app\/index.php?rest_route=\/wp\/v2\/types\/post"}],"author":[{"embeddable":true,"href":"https:\/\/jetlak.app\/index.php?rest_route=\/wp\/v2\/users\/1"}],"replies":[{"embeddable":true,"href":"https:\/\/jetlak.app\/index.php?rest_route=%2Fwp%2Fv2%2Fcomments&post=735367"}],"version-history":[{"count":0,"href":"https:\/\/jetlak.app\/index.php?rest_route=\/wp\/v2\/posts\/735367\/revisions"}],"wp:featuredmedia":[{"embeddable":true,"href":"https:\/\/jetlak.app\/index.php?rest_route=\/wp\/v2\/media\/735368"}],"wp:attachment":[{"href":"https:\/\/jetlak.app\/index.php?rest_route=%2Fwp%2Fv2%2Fmedia&parent=735367"}],"wp:term":[{"taxonomy":"category","embeddable":true,"href":"https:\/\/jetlak.app\/index.php?rest_route=%2Fwp%2Fv2%2Fcategories&post=735367"},{"taxonomy":"post_tag","embeddable":true,"href":"https:\/\/jetlak.app\/index.php?rest_route=%2Fwp%2Fv2%2Ftags&post=735367"}],"curies":[{"name":"wp","href":"https:\/\/api.w.org\/{rel}","templated":true}]}}