{"id":735567,"date":"2026-04-09T00:10:33","date_gmt":"2026-04-08T21:10:33","guid":{"rendered":"https:\/\/jetlak.app\/?p=735567"},"modified":"2026-04-09T00:10:33","modified_gmt":"2026-04-08T21:10:33","slug":"nihat-kahveci-galatasaraydan-ayrilacak-ilk-ismi-resmen-duyurdu","status":"publish","type":"post","link":"https:\/\/jetlak.app\/?p=735567","title":{"rendered":"Nihat Kahveci, Galatasaray&#8217;dan ayr\u0131lacak ilk ismi resmen duyurdu!"},"content":{"rendered":"<p><a href=\"https:\/\/www.f5haber.com\/spor\/nihat-kahveci-galatasaraydan-ayrilacak-ilk-ismi-resmen-duyurdu-6905610\"><br \/>\n                                                            <img loading=\"lazy\" decoding=\"async\" src=\"https:\/\/img.f5haber.com\/rcman\/Cw150h84q95gc\/storage\/files\/images\/2026\/04\/09\/basliksiz-1-nnfm_cover.jpg\" width=\"150\" height=\"84\" border=\"0\" align=\"right\" \/><br \/>\n                                                    <\/a><\/p>\n<h4>Trendyol S\u00fcper Lig&#8217;de 27. hafta erteleme ma\u00e7\u0131nda Galatasaray, deplasmanda G\u00f6ztepe&#8217;yi 3-1 ma\u011flup etti. M\u00fccadelenin ard\u0131ndan konu\u015fan Nihat Kahveci, sar\u0131-k\u0131rm\u0131z\u0131l\u0131lardan ayr\u0131lacak y\u0131ld\u0131z oyuncuyu resmen duyurdu.<\/h4>","protected":false},"excerpt":{"rendered":"<p>Trendyol S\u00fcper Lig&#8217;de 27. hafta erteleme ma\u00e7\u0131nda Galatasaray, deplasmanda G\u00f6ztepe&#8217;yi 3-1 ma\u011flup etti. M\u00fccadelenin ard\u0131ndan konu\u015fan Nihat Kahveci, sar\u0131-k\u0131rm\u0131z\u0131l\u0131lardan ayr\u0131lacak y\u0131ld\u0131z oyuncuyu resmen duyurdu.<\/p>\n","protected":false},"author":1,"featured_media":735569,"comment_status":"open","ping_status":"open","sticky":false,"template":"","format":"standard","meta":{"jnews-multi-image_gallery":[],"jnews_single_post":[],"jnews_primary_category":[],"jnews_social_meta":[],"jnews_review":[],"enable_review":"","type":"","name":"","summary":"","brand":"","sku":"","good":[],"bad":[],"score_override":"","override_value":"","rating":[],"price":[],"jnews_override_counter":[],"jnews_post_split":[],"footnotes":""},"categories":[118],"tags":[],"class_list":["post-735567","post","type-post","status-publish","format-standard","has-post-thumbnail","hentry","category-f5_eg"],"amp_enabled":true,"_links":{"self":[{"href":"https:\/\/jetlak.app\/index.php?rest_route=\/wp\/v2\/posts\/735567","targetHints":{"allow":["GET"]}}],"collection":[{"href":"https:\/\/jetlak.app\/index.php?rest_route=\/wp\/v2\/posts"}],"about":[{"href":"https:\/\/jetlak.app\/index.php?rest_route=\/wp\/v2\/types\/post"}],"author":[{"embeddable":true,"href":"https:\/\/jetlak.app\/index.php?rest_route=\/wp\/v2\/users\/1"}],"replies":[{"embeddable":true,"href":"https:\/\/jetlak.app\/index.php?rest_route=%2Fwp%2Fv2%2Fcomments&post=735567"}],"version-history":[{"count":0,"href":"https:\/\/jetlak.app\/index.php?rest_route=\/wp\/v2\/posts\/735567\/revisions"}],"wp:featuredmedia":[{"embeddable":true,"href":"https:\/\/jetlak.app\/index.php?rest_route=\/wp\/v2\/media\/735569"}],"wp:attachment":[{"href":"https:\/\/jetlak.app\/index.php?rest_route=%2Fwp%2Fv2%2Fmedia&parent=735567"}],"wp:term":[{"taxonomy":"category","embeddable":true,"href":"https:\/\/jetlak.app\/index.php?rest_route=%2Fwp%2Fv2%2Fcategories&post=735567"},{"taxonomy":"post_tag","embeddable":true,"href":"https:\/\/jetlak.app\/index.php?rest_route=%2Fwp%2Fv2%2Ftags&post=735567"}],"curies":[{"name":"wp","href":"https:\/\/api.w.org\/{rel}","templated":true}]}}