{"id":736046,"date":"2026-04-09T11:47:07","date_gmt":"2026-04-09T08:47:07","guid":{"rendered":"https:\/\/jetlak.app\/?p=736046"},"modified":"2026-04-09T11:47:07","modified_gmt":"2026-04-09T08:47:07","slug":"israilden-hizbullah-ve-naim-kasim-aciklamasi-oldurulen-o-degil-yegeni","status":"publish","type":"post","link":"https:\/\/jetlak.app\/?p=736046","title":{"rendered":"\u0130srail&#8217;den Hizbullah ve Naim Kas\u0131m a\u00e7\u0131klamas\u0131: &#8220;\u00d6ld\u00fcr\u00fclen o de\u011fil ye\u011feni&#8221;"},"content":{"rendered":"<p><a href=\"https:\/\/www.f5haber.com\/dunya\/israilden-hizbullah-ve-naim-kasim-aciklamasi-oldurulen-o-degil-yegeni-6905765\"><br \/>\n                                                            <img loading=\"lazy\" decoding=\"async\" src=\"https:\/\/img.f5haber.com\/rcman\/Cw150h84q95gc\/storage\/files\/images\/2026\/04\/09\/image-1775721618561-xajy_cover.jpg\" width=\"150\" height=\"84\" border=\"0\" align=\"right\" \/><br \/>\n                                                    <\/a><\/p>\n<h4>\u0130srail&#8217;in L\u00fcbnan&#8217;a d\u00fczenledi\u011fi sald\u0131r\u0131lar s\u00fcrerken ordudan yap\u0131lan a\u00e7\u0131klamada, Hizbullah lideri Naim Kas\u0131m&#8217;\u0131n \u00f6ld\u00fcr\u00fcld\u00fc\u011f\u00fc iddia edildi. Daha sonra yap\u0131lan a\u00e7\u0131klama d\u00fczeltilerek &#8220;Kas\u0131m de\u011fil ye\u011feni \u00f6ld\u00fcr\u00fcld\u00fc.&#8221; denildi. Hizbullah kanad\u0131ndan ise Ali Yusuf Harshi&#8217;nin \u00f6l\u00fcm\u00fcyle ilgili hen\u00fcz bir a\u00e7\u0131klama yap\u0131lmad\u0131.<\/h4>","protected":false},"excerpt":{"rendered":"<p>\u0130srail&#8217;in L\u00fcbnan&#8217;a d\u00fczenledi\u011fi sald\u0131r\u0131lar s\u00fcrerken ordudan yap\u0131lan a\u00e7\u0131klamada, Hizbullah lideri Naim Kas\u0131m&#8217;\u0131n \u00f6ld\u00fcr\u00fcld\u00fc\u011f\u00fc iddia edildi. Daha sonra yap\u0131lan a\u00e7\u0131klama d\u00fczeltilerek &#8220;Kas\u0131m de\u011fil ye\u011feni \u00f6ld\u00fcr\u00fcld\u00fc.&#8221; denildi. Hizbullah kanad\u0131ndan ise Ali Yusuf Harshi&#8217;nin \u00f6l\u00fcm\u00fcyle ilgili hen\u00fcz bir a\u00e7\u0131klama yap\u0131lmad\u0131.<\/p>\n","protected":false},"author":1,"featured_media":736048,"comment_status":"open","ping_status":"open","sticky":false,"template":"","format":"standard","meta":{"jnews-multi-image_gallery":[],"jnews_single_post":[],"jnews_primary_category":[],"jnews_social_meta":[],"jnews_review":[],"enable_review":"","type":"","name":"","summary":"","brand":"","sku":"","good":[],"bad":[],"score_override":"","override_value":"","rating":[],"price":[],"jnews_override_counter":[],"jnews_post_split":[],"footnotes":""},"categories":[118],"tags":[],"class_list":["post-736046","post","type-post","status-publish","format-standard","has-post-thumbnail","hentry","category-f5_eg"],"amp_enabled":true,"_links":{"self":[{"href":"https:\/\/jetlak.app\/index.php?rest_route=\/wp\/v2\/posts\/736046","targetHints":{"allow":["GET"]}}],"collection":[{"href":"https:\/\/jetlak.app\/index.php?rest_route=\/wp\/v2\/posts"}],"about":[{"href":"https:\/\/jetlak.app\/index.php?rest_route=\/wp\/v2\/types\/post"}],"author":[{"embeddable":true,"href":"https:\/\/jetlak.app\/index.php?rest_route=\/wp\/v2\/users\/1"}],"replies":[{"embeddable":true,"href":"https:\/\/jetlak.app\/index.php?rest_route=%2Fwp%2Fv2%2Fcomments&post=736046"}],"version-history":[{"count":0,"href":"https:\/\/jetlak.app\/index.php?rest_route=\/wp\/v2\/posts\/736046\/revisions"}],"wp:featuredmedia":[{"embeddable":true,"href":"https:\/\/jetlak.app\/index.php?rest_route=\/wp\/v2\/media\/736048"}],"wp:attachment":[{"href":"https:\/\/jetlak.app\/index.php?rest_route=%2Fwp%2Fv2%2Fmedia&parent=736046"}],"wp:term":[{"taxonomy":"category","embeddable":true,"href":"https:\/\/jetlak.app\/index.php?rest_route=%2Fwp%2Fv2%2Fcategories&post=736046"},{"taxonomy":"post_tag","embeddable":true,"href":"https:\/\/jetlak.app\/index.php?rest_route=%2Fwp%2Fv2%2Ftags&post=736046"}],"curies":[{"name":"wp","href":"https:\/\/api.w.org\/{rel}","templated":true}]}}