{"id":736529,"date":"2026-04-09T17:40:22","date_gmt":"2026-04-09T14:40:22","guid":{"rendered":"https:\/\/jetlak.app\/?p=736529"},"modified":"2026-04-09T17:40:22","modified_gmt":"2026-04-09T14:40:22","slug":"erken-secim-cikisi-chp-genel-baskani-ozgur-ozel-hodri-meydan-dedi","status":"publish","type":"post","link":"https:\/\/jetlak.app\/?p=736529","title":{"rendered":"Erken se\u00e7im \u00e7\u0131k\u0131\u015f\u0131! CHP Genel Ba\u015fkan\u0131 \u00d6zg\u00fcr \u00d6zel &#8216;hodri meydan&#8217; dedi"},"content":{"rendered":"<p><a href=\"https:\/\/www.f5haber.com\/siyaset\/erken-secim-cikisi-chp-genel-baskani-ozgur-ozel-hodri-meydan-dedi-6905879\"><br \/>\n                                                            <img loading=\"lazy\" decoding=\"async\" src=\"https:\/\/img.f5haber.com\/rcman\/Cw150h84q95gc\/storage\/files\/images\/2026\/03\/09\/ozel-6lt7_cover.jpg\" width=\"150\" height=\"84\" border=\"0\" align=\"right\" \/><br \/>\n                                                    <\/a><\/p>\n<h4>CHP Genel Ba\u015fkan\u0131 \u00d6zg\u00fcr \u00d6zel, \u0130Y\u0130 Parti Genel Ba\u015fkan\u0131 M\u00fcsavat Dervi\u015fo\u011flu&#8217;nu ziyaretinin ard\u0131ndan a\u00e7\u0131klamada bulundu. \u00d6zel,&#8221;Erken yerel se\u00e7imle genel se\u00e7imi birlikte yapmaya da raz\u0131y\u0131z. Hodri meydan.&#8221; ifadelerini kulland\u0131. \u00d6zel, TBMM Ba\u015fkan\u0131 Kurtulmu\u015f ile g\u00f6r\u00fc\u015fmeyi ge\u00e7e b\u0131rakmay\u0131 d\u00fc\u015f\u00fcnmedi\u011fini belirtti.<\/h4>","protected":false},"excerpt":{"rendered":"<p>CHP Genel Ba\u015fkan\u0131 \u00d6zg\u00fcr \u00d6zel, \u0130Y\u0130 Parti Genel Ba\u015fkan\u0131 M\u00fcsavat Dervi\u015fo\u011flu&#8217;nu ziyaretinin ard\u0131ndan a\u00e7\u0131klamada bulundu. \u00d6zel,&#8221;Erken yerel se\u00e7imle genel se\u00e7imi birlikte yapmaya da raz\u0131y\u0131z. Hodri meydan.&#8221; ifadelerini kulland\u0131. \u00d6zel, TBMM Ba\u015fkan\u0131 Kurtulmu\u015f ile g\u00f6r\u00fc\u015fmeyi ge\u00e7e b\u0131rakmay\u0131 d\u00fc\u015f\u00fcnmedi\u011fini belirtti.<\/p>\n","protected":false},"author":1,"featured_media":736531,"comment_status":"open","ping_status":"open","sticky":false,"template":"","format":"standard","meta":{"jnews-multi-image_gallery":[],"jnews_single_post":[],"jnews_primary_category":[],"jnews_social_meta":[],"jnews_review":[],"enable_review":"","type":"","name":"","summary":"","brand":"","sku":"","good":[],"bad":[],"score_override":"","override_value":"","rating":[],"price":[],"jnews_override_counter":[],"jnews_post_split":[],"footnotes":""},"categories":[118],"tags":[],"class_list":["post-736529","post","type-post","status-publish","format-standard","has-post-thumbnail","hentry","category-f5_eg"],"amp_enabled":true,"_links":{"self":[{"href":"https:\/\/jetlak.app\/index.php?rest_route=\/wp\/v2\/posts\/736529","targetHints":{"allow":["GET"]}}],"collection":[{"href":"https:\/\/jetlak.app\/index.php?rest_route=\/wp\/v2\/posts"}],"about":[{"href":"https:\/\/jetlak.app\/index.php?rest_route=\/wp\/v2\/types\/post"}],"author":[{"embeddable":true,"href":"https:\/\/jetlak.app\/index.php?rest_route=\/wp\/v2\/users\/1"}],"replies":[{"embeddable":true,"href":"https:\/\/jetlak.app\/index.php?rest_route=%2Fwp%2Fv2%2Fcomments&post=736529"}],"version-history":[{"count":0,"href":"https:\/\/jetlak.app\/index.php?rest_route=\/wp\/v2\/posts\/736529\/revisions"}],"wp:featuredmedia":[{"embeddable":true,"href":"https:\/\/jetlak.app\/index.php?rest_route=\/wp\/v2\/media\/736531"}],"wp:attachment":[{"href":"https:\/\/jetlak.app\/index.php?rest_route=%2Fwp%2Fv2%2Fmedia&parent=736529"}],"wp:term":[{"taxonomy":"category","embeddable":true,"href":"https:\/\/jetlak.app\/index.php?rest_route=%2Fwp%2Fv2%2Fcategories&post=736529"},{"taxonomy":"post_tag","embeddable":true,"href":"https:\/\/jetlak.app\/index.php?rest_route=%2Fwp%2Fv2%2Ftags&post=736529"}],"curies":[{"name":"wp","href":"https:\/\/api.w.org\/{rel}","templated":true}]}}