{"id":738265,"date":"2026-04-11T00:47:37","date_gmt":"2026-04-10T21:47:37","guid":{"rendered":"https:\/\/jetlak.app\/?p=738265"},"modified":"2026-04-11T00:47:37","modified_gmt":"2026-04-10T21:47:37","slug":"bankalarin-atm-karari-bayramdan-sonra-para-cekme-limitleri-artiyor-mu","status":"publish","type":"post","link":"https:\/\/jetlak.app\/?p=738265","title":{"rendered":"Bankalar\u0131n ATM karar\u0131: Bayramdan sonra para \u00e7ekme limitleri art\u0131yor mu?"},"content":{"rendered":"<p><a href=\"https:\/\/www.f5haber.com\/bankalarin-atm-karari-bayramdan-sonra-para-cekme-limitleri-artiyor-mu-fotogaleri-6906293\"><br \/>\n                                                            <img loading=\"lazy\" decoding=\"async\" src=\"https:\/\/img.f5haber.com\/rcman\/Cw150h84q95gc\/storage\/files\/images\/2026\/04\/10\/basliksiz-1-kjnh_cover.jpg\" width=\"150\" height=\"84\" border=\"0\" align=\"right\" \/><br \/>\n                                                    <\/a><\/p>\n<h4>ATM kullan\u0131m standartlar\u0131n\u0131 k\u00f6kten de\u011fi\u015ftiriliyor. Ramazan Bayram\u0131 boyunca ya\u015fanan yo\u011funluk, g\u00fcnl\u00fck limitlerin g\u00fcncel ihtiya\u00e7lar\u0131n gerisinde kald\u0131\u011f\u0131n\u0131 g\u00f6sterdi. Sekt\u00f6r temsilcilerinden gelen bilgilere g\u00f6re, bayram sonras\u0131 y\u00fcr\u00fcrl\u00fc\u011fe girecek yeni y\u00f6netmelikle nakit \u00e7ekim limitleri yukar\u0131 y\u00f6nl\u00fc g\u00fcncellenecek. Bu hamleyle hem \u015fubelerdeki yo\u011funlu\u011fun azalt\u0131lmas\u0131 hem de vatanda\u015f\u0131n nakde eri\u015fimindeki engellerin kald\u0131r\u0131lmas\u0131 hedefleniyor.<\/h4>","protected":false},"excerpt":{"rendered":"<p>ATM kullan\u0131m standartlar\u0131n\u0131 k\u00f6kten de\u011fi\u015ftiriliyor. Ramazan Bayram\u0131 boyunca ya\u015fanan yo\u011funluk, g\u00fcnl\u00fck limitlerin g\u00fcncel ihtiya\u00e7lar\u0131n gerisinde kald\u0131\u011f\u0131n\u0131 g\u00f6sterdi. Sekt\u00f6r temsilcilerinden gelen bilgilere g\u00f6re, bayram sonras\u0131 y\u00fcr\u00fcrl\u00fc\u011fe girecek yeni y\u00f6netmelikle nakit \u00e7ekim limitleri yukar\u0131 y\u00f6nl\u00fc g\u00fcncellenecek. Bu hamleyle hem \u015fubelerdeki yo\u011funlu\u011fun azalt\u0131lmas\u0131 hem de vatanda\u015f\u0131n nakde eri\u015fimindeki engellerin kald\u0131r\u0131lmas\u0131 hedefleniyor.<\/p>\n","protected":false},"author":1,"featured_media":738267,"comment_status":"open","ping_status":"open","sticky":false,"template":"","format":"standard","meta":{"jnews-multi-image_gallery":[],"jnews_single_post":[],"jnews_primary_category":[],"jnews_social_meta":[],"jnews_review":[],"enable_review":"","type":"","name":"","summary":"","brand":"","sku":"","good":[],"bad":[],"score_override":"","override_value":"","rating":[],"price":[],"jnews_override_counter":[],"jnews_post_split":[],"footnotes":""},"categories":[118],"tags":[],"class_list":["post-738265","post","type-post","status-publish","format-standard","has-post-thumbnail","hentry","category-f5_eg"],"amp_enabled":true,"_links":{"self":[{"href":"https:\/\/jetlak.app\/index.php?rest_route=\/wp\/v2\/posts\/738265","targetHints":{"allow":["GET"]}}],"collection":[{"href":"https:\/\/jetlak.app\/index.php?rest_route=\/wp\/v2\/posts"}],"about":[{"href":"https:\/\/jetlak.app\/index.php?rest_route=\/wp\/v2\/types\/post"}],"author":[{"embeddable":true,"href":"https:\/\/jetlak.app\/index.php?rest_route=\/wp\/v2\/users\/1"}],"replies":[{"embeddable":true,"href":"https:\/\/jetlak.app\/index.php?rest_route=%2Fwp%2Fv2%2Fcomments&post=738265"}],"version-history":[{"count":0,"href":"https:\/\/jetlak.app\/index.php?rest_route=\/wp\/v2\/posts\/738265\/revisions"}],"wp:featuredmedia":[{"embeddable":true,"href":"https:\/\/jetlak.app\/index.php?rest_route=\/wp\/v2\/media\/738267"}],"wp:attachment":[{"href":"https:\/\/jetlak.app\/index.php?rest_route=%2Fwp%2Fv2%2Fmedia&parent=738265"}],"wp:term":[{"taxonomy":"category","embeddable":true,"href":"https:\/\/jetlak.app\/index.php?rest_route=%2Fwp%2Fv2%2Fcategories&post=738265"},{"taxonomy":"post_tag","embeddable":true,"href":"https:\/\/jetlak.app\/index.php?rest_route=%2Fwp%2Fv2%2Ftags&post=738265"}],"curies":[{"name":"wp","href":"https:\/\/api.w.org\/{rel}","templated":true}]}}