{"id":738403,"date":"2026-04-11T07:26:02","date_gmt":"2026-04-11T04:26:02","guid":{"rendered":"https:\/\/jetlak.app\/?p=738403"},"modified":"2026-04-11T07:26:02","modified_gmt":"2026-04-11T04:26:02","slug":"ispanyadan-netanyahunun-tehditlerine-sert-yanit-2","status":"publish","type":"post","link":"https:\/\/jetlak.app\/?p=738403","title":{"rendered":"\u0130spanya&#8217;dan Netanyahu&#8217;nun tehditlerine sert yan\u0131t"},"content":{"rendered":"<p><a href=\"https:\/\/www.f5haber.com\/dunya\/ispanyadan-netanyahunun-tehditlerine-sert-yanit-6906346\"><br \/>\n                                                            <img loading=\"lazy\" decoding=\"async\" src=\"https:\/\/img.f5haber.com\/rcman\/Cw150h84q95gc\/storage\/files\/images\/2026\/04\/10\/pedro-youq_cover.jpg\" width=\"150\" height=\"84\" border=\"0\" align=\"right\" \/><br \/>\n                                                    <\/a><\/p>\n<h4>\u0130spanya h\u00fck\u00fcmeti, \u0130srail&#8217;in \u00fclkeyi Sivil-Askeri Koordinasyon Merkezi&#8217;nden \u00e7\u0131karma karar\u0131 ile Ba\u015fbakan Binyamin Netanyahu&#8217;nun tehditlerine sert kar\u015f\u0131l\u0131k verdi. Ba\u015fbakan Pedro Sanchez, Avrupa \u00fclkelerinin \u0130srail ile olan i\u015f birli\u011fi anla\u015fmas\u0131n\u0131 ask\u0131ya almas\u0131n\u0131n zorunlu oldu\u011funu ifade etti. Gen\u00e7lik ve \u00c7ocukluk Bakan\u0131 Sira Rego da \u0130srail\u2019le \u201cSiz, soyk\u0131r\u0131mc\u0131 ve su\u00e7lu bir rejimsiniz ve hepiniz Uluslararas\u0131 Ceza Mahkemesinin \u00f6n\u00fcne \u00e7\u0131kacaks\u0131n\u0131z&#8221; diye seslendi.<\/h4>","protected":false},"excerpt":{"rendered":"<p>\u0130spanya h\u00fck\u00fcmeti, \u0130srail&#8217;in \u00fclkeyi Sivil-Askeri Koordinasyon Merkezi&#8217;nden \u00e7\u0131karma karar\u0131 ile Ba\u015fbakan Binyamin Netanyahu&#8217;nun tehditlerine sert kar\u015f\u0131l\u0131k verdi. Ba\u015fbakan Pedro Sanchez, Avrupa \u00fclkelerinin \u0130srail ile olan i\u015f birli\u011fi anla\u015fmas\u0131n\u0131 ask\u0131ya almas\u0131n\u0131n zorunlu oldu\u011funu ifade etti. Gen\u00e7lik ve \u00c7ocukluk Bakan\u0131 Sira Rego da \u0130srail\u2019le \u201cSiz, soyk\u0131r\u0131mc\u0131 ve su\u00e7lu bir rejimsiniz ve hepiniz Uluslararas\u0131 Ceza Mahkemesinin \u00f6n\u00fcne \u00e7\u0131kacaks\u0131n\u0131z&#8221; [&hellip;]<\/p>\n","protected":false},"author":1,"featured_media":738154,"comment_status":"open","ping_status":"open","sticky":false,"template":"","format":"standard","meta":{"jnews-multi-image_gallery":[],"jnews_single_post":[],"jnews_primary_category":[],"jnews_social_meta":[],"jnews_review":[],"enable_review":"","type":"","name":"","summary":"","brand":"","sku":"","good":[],"bad":[],"score_override":"","override_value":"","rating":[],"price":[],"jnews_override_counter":[],"jnews_post_split":[],"footnotes":""},"categories":[118],"tags":[],"class_list":["post-738403","post","type-post","status-publish","format-standard","has-post-thumbnail","hentry","category-f5_eg"],"amp_enabled":true,"_links":{"self":[{"href":"https:\/\/jetlak.app\/index.php?rest_route=\/wp\/v2\/posts\/738403","targetHints":{"allow":["GET"]}}],"collection":[{"href":"https:\/\/jetlak.app\/index.php?rest_route=\/wp\/v2\/posts"}],"about":[{"href":"https:\/\/jetlak.app\/index.php?rest_route=\/wp\/v2\/types\/post"}],"author":[{"embeddable":true,"href":"https:\/\/jetlak.app\/index.php?rest_route=\/wp\/v2\/users\/1"}],"replies":[{"embeddable":true,"href":"https:\/\/jetlak.app\/index.php?rest_route=%2Fwp%2Fv2%2Fcomments&post=738403"}],"version-history":[{"count":0,"href":"https:\/\/jetlak.app\/index.php?rest_route=\/wp\/v2\/posts\/738403\/revisions"}],"wp:featuredmedia":[{"embeddable":true,"href":"https:\/\/jetlak.app\/index.php?rest_route=\/wp\/v2\/media\/738154"}],"wp:attachment":[{"href":"https:\/\/jetlak.app\/index.php?rest_route=%2Fwp%2Fv2%2Fmedia&parent=738403"}],"wp:term":[{"taxonomy":"category","embeddable":true,"href":"https:\/\/jetlak.app\/index.php?rest_route=%2Fwp%2Fv2%2Fcategories&post=738403"},{"taxonomy":"post_tag","embeddable":true,"href":"https:\/\/jetlak.app\/index.php?rest_route=%2Fwp%2Fv2%2Ftags&post=738403"}],"curies":[{"name":"wp","href":"https:\/\/api.w.org\/{rel}","templated":true}]}}