{"id":739345,"date":"2026-04-11T23:40:44","date_gmt":"2026-04-11T20:40:44","guid":{"rendered":"https:\/\/jetlak.app\/?p=739345"},"modified":"2026-04-11T23:40:44","modified_gmt":"2026-04-11T20:40:44","slug":"turkiyeden-israilli-yetkililerin-cumhurbaskani-erdogani-hedef-alan-sozlerine-pes-pese-tepkiler-duzeysiz-kustahca-ve-yalan-dolu-iddialar","status":"publish","type":"post","link":"https:\/\/jetlak.app\/?p=739345","title":{"rendered":"T\u00fcrkiye&#8217;den \u0130srailli yetkililerin Cumhurba\u015fkan\u0131 Erdo\u011fan&#8217;\u0131 hedef alan s\u00f6zlerine pe\u015f pe\u015fe tepkiler: D\u00fczeysiz, k\u00fcstah\u00e7a ve yalan dolu iddialar&#8230;"},"content":{"rendered":"<p>\u0130srail Ba\u015fbakan\u0131 Binyamin Netanyahu&#8217;nun Cumhurba\u015fkan\u0131 Recep Tayyip Erdo\u011fan&#8217;\u0131 hedef alan s\u00f6zlerine D\u0131\u015fi\u015fleri Bakanl\u0131\u011f\u0131, Cumhurba\u015fkanl\u0131\u011f\u0131 \u0130leti\u015fim Ba\u015fkan\u0131 Duran, Cumhurba\u015fkan\u0131 Yard\u0131mc\u0131s\u0131 Y\u0131lmaz, AK Parti S\u00f6zc\u00fcs\u00fc \u00c7elik ve AK Parti Genel Ba\u015fkanvekili Ala sert tepki g\u00f6sterdi. D\u0131\u015fi\u015fleri Bakanl\u0131\u011f\u0131 a\u00e7\u0131klamas\u0131nda &#8220;Netanyahu&#8217;nun kim oldu\u011fu ve sicili bellidir&#8221; ifadelerini kullan\u0131rken Cumhurba\u015fkanl\u0131\u011f\u0131 \u0130leti\u015fim Ba\u015fkan\u0131 Duran, &#8220;Netanyahu, hakk\u0131nda tutuklama kararlar\u0131 bulunan, dostu kalmam\u0131\u015f bir su\u00e7ludur&#8221; dedi. AK Parti S\u00f6zc\u00fcs\u00fc \u00c7elik ise &#8220;Netanyahu ve katliam \u015febekesi yarg\u0131lanacak&#8221; diye konu\u015ftu.<\/p>","protected":false},"excerpt":{"rendered":"<p>\u0130srail Ba\u015fbakan\u0131 Binyamin Netanyahu&#8217;nun Cumhurba\u015fkan\u0131 Recep Tayyip Erdo\u011fan&#8217;\u0131 hedef alan s\u00f6zlerine D\u0131\u015fi\u015fleri Bakanl\u0131\u011f\u0131, Cumhurba\u015fkanl\u0131\u011f\u0131 \u0130leti\u015fim Ba\u015fkan\u0131 Duran, Cumhurba\u015fkan\u0131 Yard\u0131mc\u0131s\u0131 Y\u0131lmaz, AK Parti S\u00f6zc\u00fcs\u00fc \u00c7elik ve AK Parti Genel Ba\u015fkanvekili Ala sert tepki g\u00f6sterdi. D\u0131\u015fi\u015fleri Bakanl\u0131\u011f\u0131 a\u00e7\u0131klamas\u0131nda &#8220;Netanyahu&#8217;nun kim oldu\u011fu ve sicili bellidir&#8221; ifadelerini kullan\u0131rken Cumhurba\u015fkanl\u0131\u011f\u0131 \u0130leti\u015fim Ba\u015fkan\u0131 Duran, &#8220;Netanyahu, hakk\u0131nda tutuklama kararlar\u0131 bulunan, dostu kalmam\u0131\u015f [&hellip;]<\/p>\n","protected":false},"author":1,"featured_media":739346,"comment_status":"open","ping_status":"open","sticky":false,"template":"","format":"standard","meta":{"jnews-multi-image_gallery":[],"jnews_single_post":[],"jnews_primary_category":[],"jnews_social_meta":[],"jnews_review":[],"enable_review":"","type":"","name":"","summary":"","brand":"","sku":"","good":[],"bad":[],"score_override":"","override_value":"","rating":[],"price":[],"jnews_override_counter":[],"jnews_post_split":[],"footnotes":""},"categories":[46],"tags":[],"class_list":["post-739345","post","type-post","status-publish","format-standard","has-post-thumbnail","hentry","category-hurriyet"],"amp_enabled":true,"_links":{"self":[{"href":"https:\/\/jetlak.app\/index.php?rest_route=\/wp\/v2\/posts\/739345","targetHints":{"allow":["GET"]}}],"collection":[{"href":"https:\/\/jetlak.app\/index.php?rest_route=\/wp\/v2\/posts"}],"about":[{"href":"https:\/\/jetlak.app\/index.php?rest_route=\/wp\/v2\/types\/post"}],"author":[{"embeddable":true,"href":"https:\/\/jetlak.app\/index.php?rest_route=\/wp\/v2\/users\/1"}],"replies":[{"embeddable":true,"href":"https:\/\/jetlak.app\/index.php?rest_route=%2Fwp%2Fv2%2Fcomments&post=739345"}],"version-history":[{"count":0,"href":"https:\/\/jetlak.app\/index.php?rest_route=\/wp\/v2\/posts\/739345\/revisions"}],"wp:featuredmedia":[{"embeddable":true,"href":"https:\/\/jetlak.app\/index.php?rest_route=\/wp\/v2\/media\/739346"}],"wp:attachment":[{"href":"https:\/\/jetlak.app\/index.php?rest_route=%2Fwp%2Fv2%2Fmedia&parent=739345"}],"wp:term":[{"taxonomy":"category","embeddable":true,"href":"https:\/\/jetlak.app\/index.php?rest_route=%2Fwp%2Fv2%2Fcategories&post=739345"},{"taxonomy":"post_tag","embeddable":true,"href":"https:\/\/jetlak.app\/index.php?rest_route=%2Fwp%2Fv2%2Ftags&post=739345"}],"curies":[{"name":"wp","href":"https:\/\/api.w.org\/{rel}","templated":true}]}}