{"id":85401,"date":"2025-07-18T07:25:08","date_gmt":"2025-07-18T04:25:08","guid":{"rendered":"https:\/\/jetlak.app\/?p=85401"},"modified":"2025-07-18T07:25:08","modified_gmt":"2025-07-18T04:25:08","slug":"oyakin-yeni-genel-muduru-murat-yalcintas-oldu","status":"publish","type":"post","link":"https:\/\/jetlak.app\/?p=85401","title":{"rendered":"OYAK&#8217;\u0131n yeni Genel M\u00fcd\u00fcr\u00fc Murat Yal\u00e7\u0131nta\u015f oldu"},"content":{"rendered":"<p><img decoding=\"async\" src=\"https:\/\/cdn1.ntv.com.tr\/gorsel\/Il4C3fOmDU-rA37ee6LDcw.jpg?width=1200&amp;ampmode=crop&amp;ampscale=both\" class=\"type:primaryImage\" alt=\"OYAK'ta \u00fcst d\u00fczey atama\" \/><\/p>\n<p>Eski \u0130stanbul Ticaret Odas\u0131 ba\u015fkan\u0131 Prof.\u202fDr.\u202fMurat\u202fYal\u00e7\u0131nta\u015f, OYAK Holding\u2019in yeni Genel M\u00fcd\u00fcr\u00fc olarak g\u00f6revlendirildi.<\/p>\n<p>OYAK&#8217;ta Genel M\u00fcd\u00fcrl\u00fck g\u00f6revine Prof. Dr. Murat Yal\u00e7\u0131nta\u015f getirildi.<\/p>\n<p>OYAK&#8217;tan yap\u0131lan a\u00e7\u0131klamaya g\u00f6re, akademi, i\u015f d\u00fcnyas\u0131 ve meslek kurulu\u015flar\u0131nda uzun y\u0131llara dayanan \u00e7ok y\u00f6nl\u00fc deneyimiyle tan\u0131nan Murat Yal\u00e7\u0131nta\u015f,\u00a0OYAK&#8217;\u0131n yeni Genel M\u00fcd\u00fcr\u00fc oldu.  OYAK\u00a0Genel M\u00fcd\u00fcrl\u00fc\u011f\u00fc&#8217;nde d\u00fczenlenen devir teslim t\u00f6reninde Yal\u00e7\u0131nta\u015f, g\u00f6revini 2016&#8217;dan bu yana bu g\u00f6revi y\u00fcr\u00fcten S\u00fcleyman Sava\u015f Erdem&#8217;den devrald\u0131. <\/p>\n<p><strong>MURAT YAL\u00c7INTA\u015e K\u0130MD\u0130R?<\/strong><\/p>\n<p>Bo\u011fazi\u00e7i \u00dcniversitesi Makine M\u00fchendisli\u011fi B\u00f6l\u00fcm\u00fc&#8217;nden mezun olan Yal\u00e7\u0131nta\u015f, y\u00fcksek lisans e\u011fitimini Br\u00fcksel&#8217;deki Vrije \u00dcniversitesi ile Boston \u00dcniversitesi&#8217;nin ortak i\u015fletme program\u0131nda, doktoras\u0131n\u0131 ise \u0130stanbul \u00dcniversitesi&#8217;nde i\u015fletme alan\u0131nda tamamlad\u0131.<\/p>\n<p>\u0130\u015f hayat\u0131na \u0130slam Kalk\u0131nma Bankas\u0131&#8217;nda ba\u015flayan Yal\u00e7\u0131nta\u015f, \u0130stanbul Ticaret Odas\u0131 Ba\u015fkanl\u0131\u011f\u0131 ba\u015fta olmak \u00fczere ulusal ve uluslararas\u0131 bir\u00e7ok kurumda \u00fcst d\u00fczey g\u00f6revlerde bulundu. 2021\u20132024 d\u00f6neminde BMC Otomotiv \u00dcst Y\u00f6neticisi (CEO) ve Y\u00f6netim Kurulu \u00dcyesi olarak g\u00f6rev yapan Yal\u00e7\u0131nta\u015f, ayn\u0131 zamanda TOGG Y\u00f6netim Kurulu \u00dcyeli\u011fi g\u00f6revini \u00fcstlendi. <\/p>\n<p>Yal\u00e7\u0131nta\u015f&#8217;\u0131n, y\u00f6netim bilimi ve i\u015f d\u00fcnyas\u0131na ili\u015fkin d\u00f6rt kitab\u0131 yay\u0131mland\u0131. Uluslararas\u0131 d\u00fczeyde \u00e7e\u015fitli \u00f6d\u00fcller alan Yal\u00e7\u0131nta\u015f, \u0130ngilizce ve Frans\u0131zca biliyor. <\/p>","protected":false},"excerpt":{"rendered":"<p>Eski \u0130stanbul Ticaret Odas\u0131 ba\u015fkan\u0131 Prof.\u202fDr.\u202fMurat\u202fYal\u00e7\u0131nta\u015f, OYAK Holding\u2019in yeni Genel M\u00fcd\u00fcr\u00fc olarak g\u00f6revlendirildi. OYAK&#8217;ta Genel M\u00fcd\u00fcrl\u00fck g\u00f6revine Prof. Dr. Murat Yal\u00e7\u0131nta\u015f getirildi. OYAK&#8217;tan yap\u0131lan a\u00e7\u0131klamaya g\u00f6re, akademi, i\u015f d\u00fcnyas\u0131 ve meslek kurulu\u015flar\u0131nda uzun y\u0131llara dayanan \u00e7ok y\u00f6nl\u00fc deneyimiyle tan\u0131nan Murat Yal\u00e7\u0131nta\u015f,\u00a0OYAK&#8217;\u0131n yeni Genel M\u00fcd\u00fcr\u00fc oldu. OYAK\u00a0Genel M\u00fcd\u00fcrl\u00fc\u011f\u00fc&#8217;nde d\u00fczenlenen devir teslim t\u00f6reninde Yal\u00e7\u0131nta\u015f, g\u00f6revini 2016&#8217;dan bu [&hellip;]<\/p>\n","protected":false},"author":1,"featured_media":82324,"comment_status":"open","ping_status":"open","sticky":false,"template":"","format":"standard","meta":{"jnews-multi-image_gallery":[],"jnews_single_post":[],"jnews_primary_category":[],"jnews_social_meta":[],"jnews_review":[],"enable_review":"","type":"","name":"","summary":"","brand":"","sku":"","good":[],"bad":[],"score_override":"","override_value":"","rating":[],"price":[],"jnews_override_counter":[],"jnews_post_split":[],"footnotes":""},"categories":[103],"tags":[],"class_list":["post-85401","post","type-post","status-publish","format-standard","has-post-thumbnail","hentry","category-ntv-k"],"amp_enabled":true,"_links":{"self":[{"href":"https:\/\/jetlak.app\/index.php?rest_route=\/wp\/v2\/posts\/85401","targetHints":{"allow":["GET"]}}],"collection":[{"href":"https:\/\/jetlak.app\/index.php?rest_route=\/wp\/v2\/posts"}],"about":[{"href":"https:\/\/jetlak.app\/index.php?rest_route=\/wp\/v2\/types\/post"}],"author":[{"embeddable":true,"href":"https:\/\/jetlak.app\/index.php?rest_route=\/wp\/v2\/users\/1"}],"replies":[{"embeddable":true,"href":"https:\/\/jetlak.app\/index.php?rest_route=%2Fwp%2Fv2%2Fcomments&post=85401"}],"version-history":[{"count":0,"href":"https:\/\/jetlak.app\/index.php?rest_route=\/wp\/v2\/posts\/85401\/revisions"}],"wp:featuredmedia":[{"embeddable":true,"href":"https:\/\/jetlak.app\/index.php?rest_route=\/wp\/v2\/media\/82324"}],"wp:attachment":[{"href":"https:\/\/jetlak.app\/index.php?rest_route=%2Fwp%2Fv2%2Fmedia&parent=85401"}],"wp:term":[{"taxonomy":"category","embeddable":true,"href":"https:\/\/jetlak.app\/index.php?rest_route=%2Fwp%2Fv2%2Fcategories&post=85401"},{"taxonomy":"post_tag","embeddable":true,"href":"https:\/\/jetlak.app\/index.php?rest_route=%2Fwp%2Fv2%2Ftags&post=85401"}],"curies":[{"name":"wp","href":"https:\/\/api.w.org\/{rel}","templated":true}]}}