{"id":86756,"date":"2025-07-18T11:27:42","date_gmt":"2025-07-18T08:27:42","guid":{"rendered":"https:\/\/jetlak.app\/?p=86756"},"modified":"2025-07-18T11:27:42","modified_gmt":"2025-07-18T08:27:42","slug":"kamu-iscisi-toplu-sozlesme-zammi-2025-ne-kadar-oldu-kamu-toplu-is-sozlesmesi-gorusmelerinde-3-teklif-bekleniyor","status":"publish","type":"post","link":"https:\/\/jetlak.app\/?p=86756","title":{"rendered":"Kamu i\u015f\u00e7isi toplu s\u00f6zle\u015fme zamm\u0131 2025 ne kadar oldu? Kamu toplu i\u015f s\u00f6zle\u015fmesi g\u00f6r\u00fc\u015fmelerinde 3. teklif bekleniyor"},"content":{"rendered":"<p><img decoding=\"async\" src=\"https:\/\/cdn1.ntv.com.tr\/gorsel\/O7R5teCycEWWFprQ0mfC-Q.jpg?width=1200&amp;ampmode=crop&amp;ampscale=both\" class=\"type:primaryImage\" alt=\"Kamu i\u015f\u00e7isi toplu s\u00f6zle\u015fme zamm\u0131 2025 ne kadar oldu? Kamu toplu i\u015f s\u00f6zle\u015fmesi g\u00f6r\u00fc\u015fmelerinde 3. teklif bekleniyor\" \/><\/p>\n<p>Kamu i\u015f\u00e7isi toplu s\u00f6zle\u015fme zamm\u0131 i\u00e7in h\u00fck\u00fcmetin \u00fc\u00e7\u00fcnc\u00fc zam teklifi bekleniyor. Cumhurba\u015fkanl\u0131\u011f\u0131\u2019nda Abdullah G\u00fcler, Vedat I\u015f\u0131khan ve Erg\u00fcn Atalay\u2019\u0131n kat\u0131ld\u0131\u011f\u0131 toplant\u0131dan sonu\u00e7 \u00e7\u0131kmam\u0131\u015ft\u0131. 600 bin kamu i\u015f\u00e7isi i\u00e7in \u00fc\u00e7\u00fcnc\u00fc zam teklifi bug\u00fcn saat 11.00\u2019de a\u00e7\u0131klanacak. Edinilen bilgiye g\u00f6re ge\u00e7ti\u011fimiz g\u00fcn yap\u0131lan ve \u00fc\u00e7 saat s\u00fcren toplant\u0131n\u0131n ard\u0131ndan 2025 y\u0131l\u0131n\u0131n ilk 6 ay\u0131 i\u00e7in y\u00fczde 22 teklifi masaya geldi. Masaya gelen zam oran\u0131, resmi teklife d\u00f6n\u00fc\u015fmezken g\u00f6zler \u00fc\u00e7\u00fcnc\u00fc teklife \u00e7evrildi. Kamu i\u015f\u00e7isi zam oran\u0131 i\u00e7in g\u00f6r\u00fc\u015fmeler \u015eubat ay\u0131ndan itibaren devam ediyor. Peki Kamu i\u015f\u00e7isi toplu s\u00f6zle\u015fme zamm\u0131 2025 ne kadar oldu? \u0130\u015fte, Kamu toplu i\u015f s\u00f6zle\u015fmesi g\u00f6r\u00fc\u015fmelerinde son dakika geli\u015fmeleri\u2026<\/p>\n<section class=\"type:slideshow\">\n<figure><img decoding=\"async\" src=\"https:\/\/cdn1.ntv.com.tr\/gorsel\/UMHydhRfYkaBYlUqvB3TqA.jpg?width=1200&amp;mode=crop&amp;scale=both\" width=\"1200\" \/><figcaption>T\u00fcrk-\u0130\u015f ve Hak-\u0130\u015f taraf\u0131ndan ortak haz\u0131rlanan taslakta kamu i\u015f\u00e7ilerinin g\u00fcnl\u00fck en d\u00fc\u015f\u00fck \u00fccretinin bin 800 lira y\u00fckseltilmesi talep edilmi\u015fti. \u0130\u015f\u00e7i taraf\u0131 2025 y\u0131l\u0131n\u0131n ilk 6 ay\u0131 i\u00e7in y\u00fczde 50, ikinci d\u00f6nem i\u00e7in ise y\u00fczde 25\u2019er zam yap\u0131lmas\u0131n\u0131 talep ediyor. \u015eubat ay\u0131ndan itibaren devam eden toplu i\u015f s\u00f6zle\u015fmesi g\u00f6r\u00fc\u015fmelerinde g\u00f6zler \u00fc\u00e7\u00fcnc\u00fc teklife \u00e7evrildi. T\u00fcrk A\u011f\u0131r Sanayii ve Hizmet Sekt\u00f6r\u00fc Kamu \u0130\u015fverenler Sendikas\u0131\u2019n\u0131n\u00a0 (T\u00dcH\u0130S) yapt\u0131\u011f\u0131 ilk iki tekliften uzla\u015f\u0131 \u00e7\u0131kmad\u0131.T\u00fcrk-\u0130\u015f sosyal medya hesab\u0131ndan komisyonla yap\u0131lan g\u00f6r\u00fc\u015fmenin ard\u0131ndan de\u011ferlendirmelerde bulundu.\u0130\u015f\u00e7i taraf\u0131 toplu s\u00f6zle\u015fme g\u00f6r\u00fc\u015fmelerinden sonu\u00e7 \u00e7\u0131kmamas\u0131n\u0131n ard\u0131ndan eylem karar\u0131 alm\u0131\u015ft\u0131. Peki Kamu i\u015f\u00e7isi toplu s\u00f6zle\u015fme zamm\u0131 y\u00fczde ka\u00e7 olacak? \u0130\u015fte, T\u00fcrk-\u0130\u015f\u2019ten yap\u0131lan yeni a\u00e7\u0131klaman\u0131n detaylar\u0131\u2026<\/figcaption><\/figure>\n<figure><img decoding=\"async\" src=\"https:\/\/cdn1.ntv.com.tr\/gorsel\/rETssywakkCueszyxxZ8uw.jpg?width=1200&amp;mode=crop&amp;scale=both\" width=\"1200\" \/><figcaption>Cumhurba\u015fkanl\u0131\u011f\u0131&#8217;nda yap\u0131lan toplant\u0131ya\u00a0Cumhurba\u015fkan\u0131 Yard\u0131mc\u0131s\u0131 Abdullah G\u00fcler, \u00c7al\u0131\u015fma ve Sosyal G\u00fcvenlik Bakan\u0131 Vedat I\u015f\u0131khan ve\u00a0T\u00fcrk-\u0130\u015f Genel Ba\u015fkan\u0131 Erg\u00fcn Atalay kat\u0131ld\u0131.<br \/>\nYakla\u015f\u0131k 3 saat s\u00fcren toplant\u0131n\u0131n ard\u0131ndan edilinen bilgiye g\u00f6re\u00a02025 y\u0131l\u0131n\u0131n ilk 6 ay\u0131 i\u00e7in y\u00fczde 22 telaffuz edildi ancak; resmi bir teklife d\u00f6n\u00fc\u015fmedi.<br \/>\nT\u00fcrk-\u0130\u015f, Cumhurba\u015fkanl\u0131\u2019\u011f\u0131nda komisyonla yap\u0131lan g\u00f6r\u00fc\u015fmelerden olumlu bir sonu\u00e7 al\u0131nmad\u0131\u011f\u0131n\u0131 aktard\u0131. Kamu i\u015f\u00e7isi toplu s\u00f6zle\u015fme zamm\u0131nda \u00fc\u00e7\u00fcnc\u00fc teklif bug\u00fcn saat 11.00&#8217;da a\u00e7\u0131klanacak.<br \/>\nT\u00fcrk-\u0130\u015f&#8217;in sosyal medya hesab\u0131ndan yap\u0131lan a\u00e7\u0131klamada \u201c Bu ak\u015fam Cumhurba\u015fkanl\u0131\u011f\u0131&#8217;nda komisyonla yap\u0131lan g\u00f6r\u00fc\u015fmenin sonucunda Kamu \u00c7er\u00e7eve Protokol\u00fc i\u00e7in olumlu bir netice elde edilememi\u015ftir. Eylemlerimiz devam etmektedir. Kapsaml\u0131 a\u00e7\u0131klama daha sonra \u00fcyelerimiz ve kamuoyuyla payla\u015f\u0131lacakt\u0131r. \u00dcyelerimize ve kamuoyuna sayg\u0131yla duyurulur&#8221; ifadelerine yer verildi.\u201d ifadeleri kullan\u0131ld\u0131.<\/figcaption><\/figure>\n<figure><img decoding=\"async\" src=\"https:\/\/cdn1.ntv.com.tr\/gorsel\/QmAX6q9lIUy9Y9_USaj7fw.jpg?width=1200&amp;mode=crop&amp;scale=both\" width=\"1200\" \/><figcaption>\u015eubat ay\u0131ndan itibaren devam eden g\u00f6r\u00fc\u015fmelerde i\u015f\u00e7i taraf\u0131 birinci alt\u0131 ay i\u00e7in y\u00fczde 50 art\u0131\u015f\u0131n yan\u0131nda g\u00fcnl\u00fck en d\u00fc\u015f\u00fck \u00fccretin bin 800 lira olmas\u0131n\u0131 ve alt\u0131 ayl\u0131k dilimlerde refah pay\u0131 beklentisi oldu\u011funu aktard\u0131.H\u00fck\u00fcmet taraf\u0131 ise g\u00fcnl\u00fck \u00fccrete ili\u015fkin bir teklif yapmazken ikinci teklifte zam oran\u0131n\u0131n ilk 6 ay i\u00e7in y\u00fczde 17\u2019Ye ikinci 6 ay i\u00e7in ise y\u00fczde 10\u2019na y\u00fckseltmi\u015fti.<\/figcaption><\/figure>\n<figure><img decoding=\"async\" src=\"https:\/\/cdn1.ntv.com.tr\/gorsel\/H88zAuTkdEO72ZqoZUibrg.jpg?width=1200&amp;mode=crop&amp;scale=both\" width=\"1200\" \/><figcaption>\u00c7al\u0131\u015fma ve Sosyal G\u00fcvenlik Bakan\u0131 Vedat I\u015f\u0131khan yapt\u0131\u011f\u0131 son a\u00e7\u0131klamada &#8220;Ba\u015fkan\u0131m\u0131z\u0131n taleplerini in\u015fallah \u00f6n\u00fcm\u00fczdeki s\u00fcre\u00e7te A\u011fustos ay\u0131nda zaten biliyorsunuz Toplu S\u00f6zle\u015fme s\u00fcrecini memurlar\u0131m\u0131zla, kamu personellerimizle yapaca\u011f\u0131z. Orada da talepleri masaya yat\u0131raca\u011f\u0131z. Tabii ki Cumhurba\u015fkan\u0131m\u0131z\u0131n her zaman bize ifade etti\u011fi gibi hi\u00e7bir zaman ne i\u015f\u00e7imizi, ne memurumuzu, kamu g\u00f6revlimizi, enflasyona ezdirmeyece\u011fiz. \u0130n\u015fallah bu y\u00f6nde de \u00f6nce kamu i\u015f\u00e7ilerimizle mutabakat\u0131 sa\u011flad\u0131ktan sonra da in\u015fallah A\u011fustos ay\u0131nda da kamu g\u00f6revlerimizle ilgili olarak gerekli s\u00fcreci ba\u015flat\u0131p yine masada sonland\u0131raca\u011f\u0131m\u0131z\u0131 ben arzu etmekteyim&#8221; ifadelerine yer verdi.<\/figcaption><\/figure>\n<\/section>","protected":false},"excerpt":{"rendered":"<p>Kamu i\u015f\u00e7isi toplu s\u00f6zle\u015fme zamm\u0131 i\u00e7in h\u00fck\u00fcmetin \u00fc\u00e7\u00fcnc\u00fc zam teklifi bekleniyor. Cumhurba\u015fkanl\u0131\u011f\u0131\u2019nda Abdullah G\u00fcler, Vedat I\u015f\u0131khan ve Erg\u00fcn Atalay\u2019\u0131n kat\u0131ld\u0131\u011f\u0131 toplant\u0131dan sonu\u00e7 \u00e7\u0131kmam\u0131\u015ft\u0131. 600 bin kamu i\u015f\u00e7isi i\u00e7in \u00fc\u00e7\u00fcnc\u00fc zam teklifi bug\u00fcn saat 11.00\u2019de a\u00e7\u0131klanacak. Edinilen bilgiye g\u00f6re ge\u00e7ti\u011fimiz g\u00fcn yap\u0131lan ve \u00fc\u00e7 saat s\u00fcren toplant\u0131n\u0131n ard\u0131ndan 2025 y\u0131l\u0131n\u0131n ilk 6 ay\u0131 i\u00e7in y\u00fczde 22 [&hellip;]<\/p>\n","protected":false},"author":1,"featured_media":86542,"comment_status":"open","ping_status":"open","sticky":false,"template":"","format":"standard","meta":{"jnews-multi-image_gallery":[],"jnews_single_post":[],"jnews_primary_category":[],"jnews_social_meta":[],"jnews_review":[],"enable_review":"","type":"","name":"","summary":"","brand":"","sku":"","good":[],"bad":[],"score_override":"","override_value":"","rating":[],"price":[],"jnews_override_counter":[],"jnews_post_split":[],"footnotes":""},"categories":[103],"tags":[],"class_list":["post-86756","post","type-post","status-publish","format-standard","has-post-thumbnail","hentry","category-ntv-k"],"amp_enabled":true,"_links":{"self":[{"href":"https:\/\/jetlak.app\/index.php?rest_route=\/wp\/v2\/posts\/86756","targetHints":{"allow":["GET"]}}],"collection":[{"href":"https:\/\/jetlak.app\/index.php?rest_route=\/wp\/v2\/posts"}],"about":[{"href":"https:\/\/jetlak.app\/index.php?rest_route=\/wp\/v2\/types\/post"}],"author":[{"embeddable":true,"href":"https:\/\/jetlak.app\/index.php?rest_route=\/wp\/v2\/users\/1"}],"replies":[{"embeddable":true,"href":"https:\/\/jetlak.app\/index.php?rest_route=%2Fwp%2Fv2%2Fcomments&post=86756"}],"version-history":[{"count":0,"href":"https:\/\/jetlak.app\/index.php?rest_route=\/wp\/v2\/posts\/86756\/revisions"}],"wp:featuredmedia":[{"embeddable":true,"href":"https:\/\/jetlak.app\/index.php?rest_route=\/wp\/v2\/media\/86542"}],"wp:attachment":[{"href":"https:\/\/jetlak.app\/index.php?rest_route=%2Fwp%2Fv2%2Fmedia&parent=86756"}],"wp:term":[{"taxonomy":"category","embeddable":true,"href":"https:\/\/jetlak.app\/index.php?rest_route=%2Fwp%2Fv2%2Fcategories&post=86756"},{"taxonomy":"post_tag","embeddable":true,"href":"https:\/\/jetlak.app\/index.php?rest_route=%2Fwp%2Fv2%2Ftags&post=86756"}],"curies":[{"name":"wp","href":"https:\/\/api.w.org\/{rel}","templated":true}]}}