{"id":87148,"date":"2025-07-18T13:26:57","date_gmt":"2025-07-18T10:26:57","guid":{"rendered":"https:\/\/jetlak.app\/?p=87148"},"modified":"2025-07-18T13:26:57","modified_gmt":"2025-07-18T10:26:57","slug":"hasan-arati-yumruklamisti-tevfik-yamanturkten-istifa-karari","status":"publish","type":"post","link":"https:\/\/jetlak.app\/?p=87148","title":{"rendered":"Hasan Arat&#8217;\u0131 yumruklam\u0131\u015ft\u0131&#8230;\u00a0Tevfik Yamant\u00fcrk&#8217;ten istifa karar\u0131"},"content":{"rendered":"<p><img decoding=\"async\" src=\"https:\/\/cdn1.ntv.com.tr\/gorsel\/-2k99BxdYkWdLHrkacrEqw.jpg?width=1200&amp;ampmode=crop&amp;ampscale=both\" class=\"type:primaryImage\" alt=\"Tevfik Yamant\u00fcrk'ten istifa karar\u0131\" \/><\/p>\n<p>Be\u015fikta\u015f Divan Kurulu Ba\u015fkan\u0131 Tevfik Yamant\u00fcrk, g\u00f6revinden ayr\u0131ld\u0131\u011f\u0131n\u0131 a\u00e7\u0131klad\u0131.<\/p>\n<p>Be\u015fikta\u015f Divan Kurulu Ba\u015fkan\u0131 <strong>Tevfik Yamant\u00fcrk<\/strong>, g\u00f6revinden ayr\u0131ld\u0131\u011f\u0131n\u0131 a\u00e7\u0131klad\u0131.<\/p>\n<p>Yamant\u00fcrk ayr\u0131l\u0131k a\u00e7\u0131klamas\u0131nda, &#8220;8 y\u0131l boyunca gururla ifa etti\u011fim g\u00f6revimi bug\u00fcn itibar\u0131yla b\u0131rakma karar\u0131 alm\u0131\u015f bulunuyorum.&#8221; ifadelerini kulland\u0131.<\/p>\n<p><img decoding=\"async\" src=\"https:\/\/cdn1.ntv.com.tr\/gorsel\/Rej69VJ8-0iB-_btVMJedQ.jpg?width=1200&amp;ampmode=crop&amp;ampscale=both\" alt=\"\" \/><\/p>\n<p><strong>NE OLMU\u015eTU?<\/strong>  Ge\u00e7ti\u011fimiz nisan ay\u0131nda Be\u015fikta\u015f Ola\u011fan Divan Kurulu Toplant\u0131s\u0131&#8217;nda Divan Kurulu Ba\u015fkan\u0131 Tevfik Yamant\u00fcrk ile siyah &#8211; beyazl\u0131lar\u0131n eski ba\u015fkan\u0131 Hasan Arat aras\u0131nda b\u00fcy\u00fck bir gerginlik ya\u015fanm\u0131\u015ft\u0131.<\/p>\n<p> \u0130kili aras\u0131ndaki iti\u015fme sonras\u0131 Arat yumruklanm\u0131\u015ft\u0131. \u0130stifa edece\u011fi \u00f6ne s\u00fcr\u00fclen Yamant\u00fcrk g\u00f6revine devam etmi\u015fti.\u00a0<\/p>\n<p><img decoding=\"async\" src=\"https:\/\/cdn1.ntv.com.tr\/gorsel\/aaCe2HE_rkGQTCxsFR9A_Q.jpg?width=1200&amp;ampmode=crop&amp;ampscale=both\" alt=\"Tevfik Yamant\u00fcrk\" \/>Yamant\u00fcrk, olay sonras\u0131 \u201cOlmamas\u0131 gereken hareketlerdi. Fakat beni 4 kez tehdit etti. Hem salona geli\u015fte hem de k\u00fcrs\u00fcde a\u011f\u0131r laflar etti. Benim 2 kat\u0131m biri. Kendimi korumak i\u00e7in hamle yapt\u0131m. Final b\u00f6yle olmamal\u0131yd\u0131. Ama ya\u015fananlardan dolayl\u0131 \u00fczg\u00fcn\u00fcm.&#8221; demi\u015fti.<span><strong>HASAN ARAT&#8217;A YUMRUKLU SALDIRI ANLARI<\/strong><\/span><\/p>","protected":false},"excerpt":{"rendered":"<p>Be\u015fikta\u015f Divan Kurulu Ba\u015fkan\u0131 Tevfik Yamant\u00fcrk, g\u00f6revinden ayr\u0131ld\u0131\u011f\u0131n\u0131 a\u00e7\u0131klad\u0131. Be\u015fikta\u015f Divan Kurulu Ba\u015fkan\u0131 Tevfik Yamant\u00fcrk, g\u00f6revinden ayr\u0131ld\u0131\u011f\u0131n\u0131 a\u00e7\u0131klad\u0131. Yamant\u00fcrk ayr\u0131l\u0131k a\u00e7\u0131klamas\u0131nda, &#8220;8 y\u0131l boyunca gururla ifa etti\u011fim g\u00f6revimi bug\u00fcn itibar\u0131yla b\u0131rakma karar\u0131 alm\u0131\u015f bulunuyorum.&#8221; ifadelerini kulland\u0131. NE OLMU\u015eTU? Ge\u00e7ti\u011fimiz nisan ay\u0131nda Be\u015fikta\u015f Ola\u011fan Divan Kurulu Toplant\u0131s\u0131&#8217;nda Divan Kurulu Ba\u015fkan\u0131 Tevfik Yamant\u00fcrk ile siyah &#8211; beyazl\u0131lar\u0131n [&hellip;]<\/p>\n","protected":false},"author":1,"featured_media":87150,"comment_status":"open","ping_status":"open","sticky":false,"template":"","format":"standard","meta":{"jnews-multi-image_gallery":[],"jnews_single_post":[],"jnews_primary_category":[],"jnews_social_meta":[],"jnews_review":[],"enable_review":"","type":"","name":"","summary":"","brand":"","sku":"","good":[],"bad":[],"score_override":"","override_value":"","rating":[],"price":[],"jnews_override_counter":[],"jnews_post_split":[],"footnotes":""},"categories":[90],"tags":[],"class_list":["post-87148","post","type-post","status-publish","format-standard","has-post-thumbnail","hentry","category-ntv_spor"],"amp_enabled":true,"_links":{"self":[{"href":"https:\/\/jetlak.app\/index.php?rest_route=\/wp\/v2\/posts\/87148","targetHints":{"allow":["GET"]}}],"collection":[{"href":"https:\/\/jetlak.app\/index.php?rest_route=\/wp\/v2\/posts"}],"about":[{"href":"https:\/\/jetlak.app\/index.php?rest_route=\/wp\/v2\/types\/post"}],"author":[{"embeddable":true,"href":"https:\/\/jetlak.app\/index.php?rest_route=\/wp\/v2\/users\/1"}],"replies":[{"embeddable":true,"href":"https:\/\/jetlak.app\/index.php?rest_route=%2Fwp%2Fv2%2Fcomments&post=87148"}],"version-history":[{"count":0,"href":"https:\/\/jetlak.app\/index.php?rest_route=\/wp\/v2\/posts\/87148\/revisions"}],"wp:featuredmedia":[{"embeddable":true,"href":"https:\/\/jetlak.app\/index.php?rest_route=\/wp\/v2\/media\/87150"}],"wp:attachment":[{"href":"https:\/\/jetlak.app\/index.php?rest_route=%2Fwp%2Fv2%2Fmedia&parent=87148"}],"wp:term":[{"taxonomy":"category","embeddable":true,"href":"https:\/\/jetlak.app\/index.php?rest_route=%2Fwp%2Fv2%2Fcategories&post=87148"},{"taxonomy":"post_tag","embeddable":true,"href":"https:\/\/jetlak.app\/index.php?rest_route=%2Fwp%2Fv2%2Ftags&post=87148"}],"curies":[{"name":"wp","href":"https:\/\/api.w.org\/{rel}","templated":true}]}}