{"id":87753,"date":"2025-07-18T15:37:37","date_gmt":"2025-07-18T12:37:37","guid":{"rendered":"https:\/\/jetlak.app\/?p=87753"},"modified":"2025-07-18T15:37:37","modified_gmt":"2025-07-18T12:37:37","slug":"trabzonspordan-onuachu-icin-sakatlik-aciklamasi","status":"publish","type":"post","link":"https:\/\/jetlak.app\/?p=87753","title":{"rendered":"Trabzonspor&#8217;dan\u00a0Onuachu i\u00e7in sakatl\u0131k a\u00e7\u0131klamas\u0131"},"content":{"rendered":"<p><img decoding=\"async\" src=\"https:\/\/cdn1.ntv.com.tr\/gorsel\/plpaqpt7fEWYjRn83Cc0vQ.jpg?width=1200&amp;ampmode=crop&amp;ampscale=both\" class=\"type:primaryImage\" alt=\"Onuachu i\u00e7in sakatl\u0131k a\u00e7\u0131klamas\u0131\" \/><\/p>\n<p>Trabzonspor, sakatlanan Paul Onuachu&#8217;nun son durumu hakk\u0131nda a\u00e7\u0131klama yapt\u0131.<\/p>\n<p><strong>Trabzonspor, Paul Onuachu<\/strong>&#8216;nun sol ayak bile\u011fi kemiklerinde darbeye ba\u011fl\u0131 yo\u011fun \u00f6dem, ayak bile\u011fi ba\u011flar\u0131nda ise k\u0131smi yaralanma tespit edildi\u011fini a\u00e7\u0131klad\u0131.\u00a0 <\/p>\n<p><strong>Bordo mavililerden yap\u0131lan a\u00e7\u0131klama \u015f\u00f6yle:<\/strong>  <em>&#8220;Futbol A Tak\u0131m\u0131m\u0131z\u0131n Araz Nah\u00e7\u0131van PFK ile oynad\u0131\u011f\u0131 haz\u0131rl\u0131k kar\u015f\u0131la\u015fmas\u0131 esnas\u0131nda sakatlanarak oyundan \u00e7\u0131kan futbolcumuz Paul Onuachu\u2019nun yap\u0131lan muayene ve MR g\u00f6r\u00fcnt\u00fclemesi sonucunda sol ayak bile\u011fi kemiklerinde darbeye ba\u011fl\u0131 yo\u011fun \u00f6dem, ayak bile\u011fi ba\u011flar\u0131nda ise k\u0131smi yaralanma tespit edilmi\u015ftir. Oyuncumuzun tedavisine sa\u011fl\u0131k ekibimizce ba\u015flanm\u0131\u015ft\u0131r.&#8221;<\/em> <\/p>","protected":false},"excerpt":{"rendered":"<p>Trabzonspor, sakatlanan Paul Onuachu&#8217;nun son durumu hakk\u0131nda a\u00e7\u0131klama yapt\u0131. Trabzonspor, Paul Onuachu&#8216;nun sol ayak bile\u011fi kemiklerinde darbeye ba\u011fl\u0131 yo\u011fun \u00f6dem, ayak bile\u011fi ba\u011flar\u0131nda ise k\u0131smi yaralanma tespit edildi\u011fini a\u00e7\u0131klad\u0131.\u00a0 Bordo mavililerden yap\u0131lan a\u00e7\u0131klama \u015f\u00f6yle: &#8220;Futbol A Tak\u0131m\u0131m\u0131z\u0131n Araz Nah\u00e7\u0131van PFK ile oynad\u0131\u011f\u0131 haz\u0131rl\u0131k kar\u015f\u0131la\u015fmas\u0131 esnas\u0131nda sakatlanarak oyundan \u00e7\u0131kan futbolcumuz Paul Onuachu\u2019nun yap\u0131lan muayene ve MR [&hellip;]<\/p>\n","protected":false},"author":1,"featured_media":87755,"comment_status":"open","ping_status":"open","sticky":false,"template":"","format":"standard","meta":{"jnews-multi-image_gallery":[],"jnews_single_post":[],"jnews_primary_category":[],"jnews_social_meta":[],"jnews_review":[],"enable_review":"","type":"","name":"","summary":"","brand":"","sku":"","good":[],"bad":[],"score_override":"","override_value":"","rating":[],"price":[],"jnews_override_counter":[],"jnews_post_split":[],"footnotes":""},"categories":[90],"tags":[],"class_list":["post-87753","post","type-post","status-publish","format-standard","has-post-thumbnail","hentry","category-ntv_spor"],"amp_enabled":true,"_links":{"self":[{"href":"https:\/\/jetlak.app\/index.php?rest_route=\/wp\/v2\/posts\/87753","targetHints":{"allow":["GET"]}}],"collection":[{"href":"https:\/\/jetlak.app\/index.php?rest_route=\/wp\/v2\/posts"}],"about":[{"href":"https:\/\/jetlak.app\/index.php?rest_route=\/wp\/v2\/types\/post"}],"author":[{"embeddable":true,"href":"https:\/\/jetlak.app\/index.php?rest_route=\/wp\/v2\/users\/1"}],"replies":[{"embeddable":true,"href":"https:\/\/jetlak.app\/index.php?rest_route=%2Fwp%2Fv2%2Fcomments&post=87753"}],"version-history":[{"count":0,"href":"https:\/\/jetlak.app\/index.php?rest_route=\/wp\/v2\/posts\/87753\/revisions"}],"wp:featuredmedia":[{"embeddable":true,"href":"https:\/\/jetlak.app\/index.php?rest_route=\/wp\/v2\/media\/87755"}],"wp:attachment":[{"href":"https:\/\/jetlak.app\/index.php?rest_route=%2Fwp%2Fv2%2Fmedia&parent=87753"}],"wp:term":[{"taxonomy":"category","embeddable":true,"href":"https:\/\/jetlak.app\/index.php?rest_route=%2Fwp%2Fv2%2Fcategories&post=87753"},{"taxonomy":"post_tag","embeddable":true,"href":"https:\/\/jetlak.app\/index.php?rest_route=%2Fwp%2Fv2%2Ftags&post=87753"}],"curies":[{"name":"wp","href":"https:\/\/api.w.org\/{rel}","templated":true}]}}