{"id":99059,"date":"2025-07-20T21:59:15","date_gmt":"2025-07-20T18:59:15","guid":{"rendered":"https:\/\/jetlak.app\/?p=99059"},"modified":"2025-07-20T21:59:15","modified_gmt":"2025-07-20T18:59:15","slug":"trabzonspor-gol-oldu-yagdi","status":"publish","type":"post","link":"https:\/\/jetlak.app\/?p=99059","title":{"rendered":"Trabzonspor gol oldu ya\u011fd\u0131"},"content":{"rendered":"<p><img decoding=\"async\" src=\"https:\/\/cdn1.ntv.com.tr\/gorsel\/oUxOOvOzokyfIFOERk8bBA.jpg?width=1200&amp;ampmode=crop&amp;ampscale=both\" class=\"type:primaryImage\" alt=\"Trabzonspor gol oldu ya\u011fd\u0131\" \/><\/p>\n<p>Trabzonspor,\u00a0haz\u0131rl\u0131k ma\u00e7\u0131nda att\u0131\u011f\u0131 4 golle kazand\u0131. Yeni transfer ilk gol\u00fcn\u00fc att\u0131.<\/p>\n<p>Trabzonspor, \u0130ran tak\u0131mlar\u0131ndan Zob Ahan Esfahan ile oynad\u0131\u011f\u0131 haz\u0131rl\u0131k ma\u00e7\u0131n\u0131 4-0 kazand\u0131.  Sezon haz\u0131rl\u0131klar\u0131n\u0131 Erzurum&#8217;un Paland\u00f6ken Da\u011f\u0131 eteklerindeki Y\u00fcksek \u0130rtifa Kamp Merkezi&#8217;nde s\u00fcrd\u00fcren Trabzonspor, U\u011furcan \u00c7ak\u0131r, Pina, Savic, Batagov, Mustafa Eskihella\u00e7, Mendy, Okay Yoku\u015flu, Folcarelli, Visca, Augusto ve Danylo Sikan 11 ile ma\u00e7a \u00e7\u0131kt\u0131.  Kamp merkezindeki sahada oynanan m\u00fcsabakada bordo-mavili ekip, ma\u00e7\u0131n 9. dakikas\u0131nda Danylo Sikan&#8217;\u0131n att\u0131\u011f\u0131 golle \u00f6ne ge\u00e7ti ve kar\u015f\u0131la\u015fman\u0131n ilk yar\u0131s\u0131 1-0 \u00f6nde tamamland\u0131.  \u0130kinci yar\u0131ya da h\u0131zl\u0131 ba\u015flayan Trabzonpspor, 51. dakikada Mustafa Eskihella\u00e7, 78. dakikada Augusto ve ma\u00e7\u0131n 65. dakikas\u0131nda oyuna giren Boran Ba\u015fkan&#8217;\u0131n 79. dakikada kaydetti\u011fi golle m\u00fcsabakadan 4-0 galip ayr\u0131ld\u0131.<\/p>\n<p><strong>\u00c7AR\u015eAMBA G\u00dcN\u00dc RAK\u0130P PERSEPOL\u0130S<\/strong>  Trabzonspor, Erzurum&#8217;daki \u00fc\u00e7\u00fcnc\u00fc haz\u0131rl\u0131k ma\u00e7\u0131nda 23 Temmuz \u00c7ar\u015famba saat 17.00&#8217;de \u0130smail Kartal&#8217;\u0131n \u00e7al\u0131\u015ft\u0131rd\u0131\u011f\u0131 \u0130ran tak\u0131mlar\u0131ndan Persepolis ile kar\u015f\u0131la\u015facak.  Bordo-mavili ekip, 17 Temmuz Per\u015fembe g\u00fcn\u00fc Azerbaycan&#8217;dan Araz Nah\u00e7\u0131van ile oynad\u0131\u011f\u0131 ilk haz\u0131rl\u0131k ma\u00e7\u0131n\u0131 3-2 kaybetmi\u015fti. <\/p>","protected":false},"excerpt":{"rendered":"<p>Trabzonspor,\u00a0haz\u0131rl\u0131k ma\u00e7\u0131nda att\u0131\u011f\u0131 4 golle kazand\u0131. Yeni transfer ilk gol\u00fcn\u00fc att\u0131. Trabzonspor, \u0130ran tak\u0131mlar\u0131ndan Zob Ahan Esfahan ile oynad\u0131\u011f\u0131 haz\u0131rl\u0131k ma\u00e7\u0131n\u0131 4-0 kazand\u0131. Sezon haz\u0131rl\u0131klar\u0131n\u0131 Erzurum&#8217;un Paland\u00f6ken Da\u011f\u0131 eteklerindeki Y\u00fcksek \u0130rtifa Kamp Merkezi&#8217;nde s\u00fcrd\u00fcren Trabzonspor, U\u011furcan \u00c7ak\u0131r, Pina, Savic, Batagov, Mustafa Eskihella\u00e7, Mendy, Okay Yoku\u015flu, Folcarelli, Visca, Augusto ve Danylo Sikan 11 ile ma\u00e7a \u00e7\u0131kt\u0131. [&hellip;]<\/p>\n","protected":false},"author":1,"featured_media":99061,"comment_status":"open","ping_status":"open","sticky":false,"template":"","format":"standard","meta":{"jnews-multi-image_gallery":[],"jnews_single_post":[],"jnews_primary_category":[],"jnews_social_meta":[],"jnews_review":[],"enable_review":"","type":"","name":"","summary":"","brand":"","sku":"","good":[],"bad":[],"score_override":"","override_value":"","rating":[],"price":[],"jnews_override_counter":[],"jnews_post_split":[],"footnotes":""},"categories":[90],"tags":[],"class_list":["post-99059","post","type-post","status-publish","format-standard","has-post-thumbnail","hentry","category-ntv_spor"],"amp_enabled":true,"_links":{"self":[{"href":"https:\/\/jetlak.app\/index.php?rest_route=\/wp\/v2\/posts\/99059","targetHints":{"allow":["GET"]}}],"collection":[{"href":"https:\/\/jetlak.app\/index.php?rest_route=\/wp\/v2\/posts"}],"about":[{"href":"https:\/\/jetlak.app\/index.php?rest_route=\/wp\/v2\/types\/post"}],"author":[{"embeddable":true,"href":"https:\/\/jetlak.app\/index.php?rest_route=\/wp\/v2\/users\/1"}],"replies":[{"embeddable":true,"href":"https:\/\/jetlak.app\/index.php?rest_route=%2Fwp%2Fv2%2Fcomments&post=99059"}],"version-history":[{"count":0,"href":"https:\/\/jetlak.app\/index.php?rest_route=\/wp\/v2\/posts\/99059\/revisions"}],"wp:featuredmedia":[{"embeddable":true,"href":"https:\/\/jetlak.app\/index.php?rest_route=\/wp\/v2\/media\/99061"}],"wp:attachment":[{"href":"https:\/\/jetlak.app\/index.php?rest_route=%2Fwp%2Fv2%2Fmedia&parent=99059"}],"wp:term":[{"taxonomy":"category","embeddable":true,"href":"https:\/\/jetlak.app\/index.php?rest_route=%2Fwp%2Fv2%2Fcategories&post=99059"},{"taxonomy":"post_tag","embeddable":true,"href":"https:\/\/jetlak.app\/index.php?rest_route=%2Fwp%2Fv2%2Ftags&post=99059"}],"curies":[{"name":"wp","href":"https:\/\/api.w.org\/{rel}","templated":true}]}}